{"id":238533,"date":"2022-02-21T19:28:18","date_gmt":"2022-02-21T18:28:18","guid":{"rendered":"https:\/\/zjarr.tv\/?p=238533"},"modified":"2022-02-21T19:28:18","modified_gmt":"2022-02-21T18:28:18","slug":"sponsori-juaj-eshte-non-grata-ambasadorja-yuri-kim-masakrohet-me-komente-emertimi-nuk-do-te-thote-asgje","status":"publish","type":"post","link":"https:\/\/zjarr.tv\/sq\/sponsori-juaj-eshte-non-grata-ambasadorja-yuri-kim-masakrohet-me-komente-emertimi-nuk-do-te-thote-asgje\/","title":{"rendered":"\u201cSponsori juaj \u00ebsht\u00eb non-grata\u201d, ambasadorja Yuri Kim \u201cmasakrohet\u201d me komente: Em\u00ebrtimi nuk do t\u00eb thot\u00eb asgj\u00eb!"},"content":{"rendered":"<p>Ambasadorja Yuri Kim dit\u00ebn e sotme p\u00ebrmes nj\u00eb postimi listoi 4 pyetje p\u00ebr kandidat\u00ebt e partive n\u00eb zgjedhjet e 6 marsit.  <\/p>\n<p>N\u00eb postimin e b\u00ebr\u00eb n\u00eb \u201cTwitter\u201d, Yuri Kim \u00ebsht\u00eb \u201cmasakruar\u201d me komente nga ndjek\u00ebsit, ku nj\u00eb prej tyre \u00ebsht\u00eb shprehur se em\u00ebrtimi i ish-kryeministrit si \u201cnon grata\u201d nga SHBA nuk do t\u00eb thot\u00eb asgj\u00eb.<\/p>\n<p>Ambasadorja ka replikuar me ndjek\u00ebsin ku i thot\u00eb se nuk \u00ebsht\u00eb dakort me at\u00eb \u00e7far\u00eb ai tha, teksa bie plot\u00ebsisht dakort me pjes\u00ebn tjet\u00ebr t\u00eb komentit t\u00eb tij, i cili tha se duhet t\u00eb vazhdojm\u00eb t\u00eb nd\u00ebrtojm\u00eb nj\u00eb shtet i cili n\u00eb themel ka shtetin e s\u00eb drejt\u00ebs.<\/p>\n<p> \u201cUn\u00eb nuk jam kandidat, por besoj se em\u00ebrtimi nuk do t\u00eb thot\u00eb asgj\u00eb. Ne duhet t\u00eb vazhdojm\u00eb t\u00eb nd\u00ebrtojm\u00eb nj\u00eb shtet q\u00eb ka n\u00eb themel shtetin e s\u00eb drejt\u00ebs dhe abosolutisht nj\u00eb shtet q\u00eb sundohet nga \u00e7far\u00ebdo lloj p\u00ebrcaktimi politik\u201d, shkruan nj\u00eb prej komentuesve.<\/p>\n<p>\u201cUn\u00eb nuk jam dakord me fjalin\u00eb tuaj t\u00eb par\u00eb, por jam plot\u00ebsisht dakord me pjes\u00ebn tjet\u00ebr t\u00eb asaj q\u00eb thoni\u201d, i kthen p\u00ebrgjigje Yuri Kim.<\/p>\n<p>Disa prej komenteve t\u00eb ndjek\u00ebsve:<\/p>\n<p>Un\u00eb nuk jam kandidat, por besoj se em\u00ebrtimi nuk do t\u00eb thot\u00eb asgj\u00eb. Ne duhet t\u00eb vazhdojm\u00eb t\u00eb nd\u00ebrtojm\u00eb nj\u00eb shtet q\u00eb ka n\u00eb themel shtetin e s\u00eb drejt\u00ebs dhe abosolutisht nj\u00eb shtet q\u00eb sundohet nga \u00e7far\u00ebdo lloj p\u00ebrcaktimi politik.<\/p>\n<p>Po ata q\u00eb e shpall\u00ebn Berish\u00ebn nongrata jan\u00eb mashtrues se nuk publikojn\u00eb asnj\u00eb fakt? Po sikur dikush t\u00eb fus\u00eb hund\u00ebt n\u00eb zgjedhje p\u00ebr t\u00eb ndihmuar Ram\u00ebn? Ka pyetje sa t\u00eb duash<\/p>\n","protected":false},"excerpt":{"rendered":"<p>Ambasadorja Yuri Kim dit\u00ebn e sotme p\u00ebrmes nj\u00eb postimi listoi 4 pyetje p\u00ebr kandidat\u00ebt e partive n\u00eb zgjedhjet e 6 marsit. N\u00eb postimin e b\u00ebr\u00eb n\u00eb \u201cTwitter\u201d, Yuri Kim \u00ebsht\u00eb \u201cmasakruar\u201d me komente nga ndjek\u00ebsit, ku nj\u00eb prej tyre \u00ebsht\u00eb shprehur se em\u00ebrtimi i ish-kryeministrit si \u201cnon grata\u201d nga SHBA nuk do t\u00eb thot\u00eb asgj\u00eb. [&hellip;]<\/p>\n","protected":false},"author":2031,"featured_media":161303,"comment_status":"closed","ping_status":"closed","sticky":false,"template":"","format":"standard","meta":{"footnotes":""},"categories":[231],"tags":[],"class_list":{"0":"post-238533","1":"post","2":"type-post","3":"status-publish","4":"format-standard","5":"has-post-thumbnail","7":"category-lajme"},"_links":{"self":[{"href":"https:\/\/zjarr.tv\/sq\/wp-json\/wp\/v2\/posts\/238533","targetHints":{"allow":["GET"]}}],"collection":[{"href":"https:\/\/zjarr.tv\/sq\/wp-json\/wp\/v2\/posts"}],"about":[{"href":"https:\/\/zjarr.tv\/sq\/wp-json\/wp\/v2\/types\/post"}],"author":[{"embeddable":true,"href":"https:\/\/zjarr.tv\/sq\/wp-json\/wp\/v2\/users\/2031"}],"replies":[{"embeddable":true,"href":"https:\/\/zjarr.tv\/sq\/wp-json\/wp\/v2\/comments?post=238533"}],"version-history":[{"count":0,"href":"https:\/\/zjarr.tv\/sq\/wp-json\/wp\/v2\/posts\/238533\/revisions"}],"wp:featuredmedia":[{"embeddable":true,"href":"https:\/\/zjarr.tv\/sq\/wp-json\/wp\/v2\/media\/161303"}],"wp:attachment":[{"href":"https:\/\/zjarr.tv\/sq\/wp-json\/wp\/v2\/media?parent=238533"}],"wp:term":[{"taxonomy":"category","embeddable":true,"href":"https:\/\/zjarr.tv\/sq\/wp-json\/wp\/v2\/categories?post=238533"},{"taxonomy":"post_tag","embeddable":true,"href":"https:\/\/zjarr.tv\/sq\/wp-json\/wp\/v2\/tags?post=238533"}],"curies":[{"name":"wp","href":"https:\/\/api.w.org\/{rel}","templated":true}]}}