{"id":238536,"date":"2022-02-21T21:42:23","date_gmt":"2022-02-21T20:42:23","guid":{"rendered":"https:\/\/zjarr.tv\/?p=238536"},"modified":"2022-02-21T21:42:23","modified_gmt":"2022-02-21T20:42:23","slug":"subashi-nxjerr-videon-e-alibeajt-ndanim-te-njejtin-mendim-per-mbetjet-tabaku-do-e-administrojme-si-prove-telefonin","status":"publish","type":"post","link":"https:\/\/zjarr.tv\/sq\/subashi-nxjerr-videon-e-alibeajt-ndanim-te-njejtin-mendim-per-mbetjet-tabaku-do-e-administrojme-si-prove-telefonin\/","title":{"rendered":"Subashi nxjerr videon e Alibeajt: Ndanim t\u00eb nj\u00ebjtin mendim p\u00ebr mbetjet; Tabaku: Do e administrojm\u00eb si prov\u00eb telefonin"},"content":{"rendered":"<p>Kryetari i Bashkis\u00eb s\u00eb Fierit Armando Subashi teksa po jep d\u00ebshmin\u00eb e tij n\u00eb Komisionin Hetimor p\u00ebr incenerator\u00ebt, ka sjell\u00eb nj\u00eb video t\u00eb nj\u00eb deklarate t\u00eb Enkelejd Alibeajt, sipas s\u00eb cilit thot\u00eb se kan\u00eb pasur t\u00eb nj\u00ebjtin mendim p\u00ebr fush\u00ebn e mbetjeve n\u00eb Fier, por m\u00eb pas video \u00ebsht\u00eb mbyllur. Pas k\u00ebsaj kryetarja e Komisionit, Jorida Tabaku tha se do i administrohet celulari si prov\u00eb.<\/p>\n<p>Pjes\u00eb nga debati:<\/p>\n<p>Armando Subashi: Kemi qen\u00eb n\u00eb nj\u00eb mendje dhe nj\u00eb nga prioritet tona n\u00ebse do fitonim bashkin\u00eb do ishte fusha e mbetjeve q\u00eb ekziston aty. Do ju sjell nj\u00eb prononcim t\u00eb Alibeaj.<\/p>\n<p>Jorida Tabaku: Me shum\u00eb d\u00ebshir\u00eb e th\u00ebrras edhe Alibeajn po ta k\u00ebrkonin socialist\u00ebt. Por d\u00ebshmoni ju. Do ta administroj si prov\u00eb edhe k\u00ebt\u00eb deklarat\u00eb t\u00eb Alibeajt.<\/p>\n<p>Armando Subashi: \u00cbsht\u00eb shum\u00eb e mir\u00eb<\/p>\n<p>Jorida Tabaku: Gj\u00ebra t\u00eb mira thot\u00eb Alibeaj. Jua them un\u00eb se \u00e7far\u00eb thot\u00eb. E kam d\u00ebgjuar dhe ka vler\u00ebsuar situat\u00ebn q\u00eb ka degraduar, ka mbetje, jam shum\u00eb e qart\u00eb, do e admistrojm\u00eb dhe celularin.<\/p>\n","protected":false},"excerpt":{"rendered":"<p>Kryetari i Bashkis\u00eb s\u00eb Fierit Armando Subashi teksa po jep d\u00ebshmin\u00eb e tij n\u00eb Komisionin Hetimor p\u00ebr incenerator\u00ebt, ka sjell\u00eb nj\u00eb video t\u00eb nj\u00eb deklarate t\u00eb Enkelejd Alibeajt, sipas s\u00eb cilit thot\u00eb se kan\u00eb pasur t\u00eb nj\u00ebjtin mendim p\u00ebr fush\u00ebn e mbetjeve n\u00eb Fier, por m\u00eb pas video \u00ebsht\u00eb mbyllur. Pas k\u00ebsaj kryetarja e Komisionit, [&hellip;]<\/p>\n","protected":false},"author":2031,"featured_media":238530,"comment_status":"closed","ping_status":"closed","sticky":false,"template":"","format":"standard","meta":{"footnotes":""},"categories":[231],"tags":[],"class_list":{"0":"post-238536","1":"post","2":"type-post","3":"status-publish","4":"format-standard","5":"has-post-thumbnail","7":"category-lajme"},"_links":{"self":[{"href":"https:\/\/zjarr.tv\/sq\/wp-json\/wp\/v2\/posts\/238536","targetHints":{"allow":["GET"]}}],"collection":[{"href":"https:\/\/zjarr.tv\/sq\/wp-json\/wp\/v2\/posts"}],"about":[{"href":"https:\/\/zjarr.tv\/sq\/wp-json\/wp\/v2\/types\/post"}],"author":[{"embeddable":true,"href":"https:\/\/zjarr.tv\/sq\/wp-json\/wp\/v2\/users\/2031"}],"replies":[{"embeddable":true,"href":"https:\/\/zjarr.tv\/sq\/wp-json\/wp\/v2\/comments?post=238536"}],"version-history":[{"count":0,"href":"https:\/\/zjarr.tv\/sq\/wp-json\/wp\/v2\/posts\/238536\/revisions"}],"wp:featuredmedia":[{"embeddable":true,"href":"https:\/\/zjarr.tv\/sq\/wp-json\/wp\/v2\/media\/238530"}],"wp:attachment":[{"href":"https:\/\/zjarr.tv\/sq\/wp-json\/wp\/v2\/media?parent=238536"}],"wp:term":[{"taxonomy":"category","embeddable":true,"href":"https:\/\/zjarr.tv\/sq\/wp-json\/wp\/v2\/categories?post=238536"},{"taxonomy":"post_tag","embeddable":true,"href":"https:\/\/zjarr.tv\/sq\/wp-json\/wp\/v2\/tags?post=238536"}],"curies":[{"name":"wp","href":"https:\/\/api.w.org\/{rel}","templated":true}]}}