{"id":238538,"date":"2022-02-21T21:44:03","date_gmt":"2022-02-21T20:44:03","guid":{"rendered":"https:\/\/zjarr.tv\/?p=238538"},"modified":"2022-02-21T21:44:03","modified_gmt":"2022-02-21T20:44:03","slug":"meta-denon-njohjen-e-pavaresise-se-donbasit-shkelje-e-rende-e-ligjit-shqiperia-qendron-krah-aleateve-te-ukraines","status":"publish","type":"post","link":"https:\/\/zjarr.tv\/sq\/meta-denon-njohjen-e-pavaresise-se-donbasit-shkelje-e-rende-e-ligjit-shqiperia-qendron-krah-aleateve-te-ukraines\/","title":{"rendered":"Meta d\u00ebnon njohjen e pavar\u00ebsis\u00eb s\u00eb Donbasit: Shkelje e r\u00ebnd\u00eb e ligjit, Shqip\u00ebria q\u00ebndron krah aleat\u00ebve t\u00eb Ukrain\u00ebs!"},"content":{"rendered":"<p>Presidenti i vendit Ilir Meta ka reaguar p\u00ebr vendimin e marr\u00eb nga Rusia p\u00ebr njohjen e pavar\u00ebsis\u00eb s\u00eb rajonit t\u00eb Donbasit n\u00eb Ukrain\u00eb, ku b\u00ebjn\u00eb pjes\u00eb qytetet e Donetskut dhe Luhanskut.<\/p>\n<p>Kreu i shtetit d\u00ebnon njohjen nga Rusia t\u00eb pavar\u00ebsis\u00eb s\u00eb k\u00ebtyre rajoneve, duke e konsideruar si nj\u00eb shkelje t\u00eb r\u00ebnd\u00eb t\u00eb ligjit dhe marr\u00ebveshjes s\u00eb Minskut. Meta shton se Shqip\u00ebria q\u00ebndron e bashkuar me partner\u00ebt dhe aleat\u00ebt n\u00eb mb\u00ebshtetje t\u00eb Ukrain\u00ebs.<\/p>\n<p>\u201cD\u00ebnoj njohjen nga Rusia t\u00eb pavar\u00ebsis\u00eb s\u00eb rajoneve separatiste t\u00eb Ukrain\u00ebs Lindore t\u00eb Donetskut dhe Luhanskut. Ky akt unilateral \u00ebsht\u00eb nj\u00eb shkelje e r\u00ebnd\u00eb e ligjit nd\u00ebrkomb\u00ebtar, e marr\u00ebveshjes s\u00eb Minskut, si dhe minon integritetin territorial dhe sovranitetin e Ukrain\u00ebs! Shqip\u00ebria q\u00ebndron e bashkuar me partner\u00ebt dhe aleat\u00ebt n\u00eb mb\u00ebshtetje t\u00eb Ukrain\u00ebs\u201d, shkruan Meta.<\/p>\n","protected":false},"excerpt":{"rendered":"<p>Presidenti i vendit Ilir Meta ka reaguar p\u00ebr vendimin e marr\u00eb nga Rusia p\u00ebr njohjen e pavar\u00ebsis\u00eb s\u00eb rajonit t\u00eb Donbasit n\u00eb Ukrain\u00eb, ku b\u00ebjn\u00eb pjes\u00eb qytetet e Donetskut dhe Luhanskut. Kreu i shtetit d\u00ebnon njohjen nga Rusia t\u00eb pavar\u00ebsis\u00eb s\u00eb k\u00ebtyre rajoneve, duke e konsideruar si nj\u00eb shkelje t\u00eb r\u00ebnd\u00eb t\u00eb ligjit dhe marr\u00ebveshjes [&hellip;]<\/p>\n","protected":false},"author":2031,"featured_media":180586,"comment_status":"closed","ping_status":"closed","sticky":false,"template":"","format":"standard","meta":{"footnotes":""},"categories":[231],"tags":[],"class_list":{"0":"post-238538","1":"post","2":"type-post","3":"status-publish","4":"format-standard","5":"has-post-thumbnail","7":"category-lajme"},"_links":{"self":[{"href":"https:\/\/zjarr.tv\/sq\/wp-json\/wp\/v2\/posts\/238538","targetHints":{"allow":["GET"]}}],"collection":[{"href":"https:\/\/zjarr.tv\/sq\/wp-json\/wp\/v2\/posts"}],"about":[{"href":"https:\/\/zjarr.tv\/sq\/wp-json\/wp\/v2\/types\/post"}],"author":[{"embeddable":true,"href":"https:\/\/zjarr.tv\/sq\/wp-json\/wp\/v2\/users\/2031"}],"replies":[{"embeddable":true,"href":"https:\/\/zjarr.tv\/sq\/wp-json\/wp\/v2\/comments?post=238538"}],"version-history":[{"count":0,"href":"https:\/\/zjarr.tv\/sq\/wp-json\/wp\/v2\/posts\/238538\/revisions"}],"wp:featuredmedia":[{"embeddable":true,"href":"https:\/\/zjarr.tv\/sq\/wp-json\/wp\/v2\/media\/180586"}],"wp:attachment":[{"href":"https:\/\/zjarr.tv\/sq\/wp-json\/wp\/v2\/media?parent=238538"}],"wp:term":[{"taxonomy":"category","embeddable":true,"href":"https:\/\/zjarr.tv\/sq\/wp-json\/wp\/v2\/categories?post=238538"},{"taxonomy":"post_tag","embeddable":true,"href":"https:\/\/zjarr.tv\/sq\/wp-json\/wp\/v2\/tags?post=238538"}],"curies":[{"name":"wp","href":"https:\/\/api.w.org\/{rel}","templated":true}]}}