{"id":238541,"date":"2022-02-21T21:47:17","date_gmt":"2022-02-21T20:47:17","guid":{"rendered":"https:\/\/zjarr.tv\/?p=238541"},"modified":"2022-02-21T21:47:17","modified_gmt":"2022-02-21T20:47:17","slug":"njohja-e-pavaresise-se-donbasit-ministria-e-jashtme-e-shqiperise-denon-vendimin-e-rusise-shkelje-e-marreveshjes-se-minskut-dhe-cenim-i-integritetit-territorial-te-ukraines","status":"publish","type":"post","link":"https:\/\/zjarr.tv\/sq\/njohja-e-pavaresise-se-donbasit-ministria-e-jashtme-e-shqiperise-denon-vendimin-e-rusise-shkelje-e-marreveshjes-se-minskut-dhe-cenim-i-integritetit-territorial-te-ukraines\/","title":{"rendered":"Njohja e pavar\u00ebsis\u00eb s\u00eb Donbasit, Ministria e Jashtme e Shqip\u00ebris\u00eb d\u00ebnon vendimin e Rusis\u00eb: Shkelje e marr\u00ebveshjes s\u00eb Minskut dhe c\u00ebnim i integritetit territorial t\u00eb Ukrain\u00ebs"},"content":{"rendered":"<p>Ministria e Jashtme e Shqip\u00ebris\u00eb ka d\u00ebnuar vendimin e marr\u00eb nga Rusia p\u00ebr njohjen e pavar\u00ebsis\u00eb s\u00eb rajonit t\u00eb Donbasit n\u00eb Ukrain\u00eb, ku b\u00ebjn\u00eb pjes\u00eb qytetet e Donetskut dhe Luhanskut.<\/p>\n<p>Ministrja Olta Xha\u00e7ka shprehet se ky vendim \u00ebsht\u00eb nj\u00eb shkelje e qart\u00eb e ligjit nd\u00ebrkomb\u00ebtar, e marr\u00ebveshjes s\u00eb Minskut si dhe c\u00ebnim i integritetit territorial dhe pavar\u00ebsis\u00eb s\u00eb Ukrain\u00ebs.<\/p>\n<p>Ajo thot\u00eb se Shqip\u00ebria q\u00ebndron krah aleat\u00ebve dhe partner\u00ebve nd\u00ebrkomb\u00ebtar\u00eb, n\u00eb mb\u00ebshtetje t\u00eb Ukrain\u00ebs.<\/p>\n<p>Reagimi i Ministris\u00eb s\u00eb Jashtme:<\/p>\n<p>Shqip\u00ebria d\u00ebnon njohjen e pavar\u00ebsis\u00eb nga Rusia, t\u00eb rajoneve lindore t\u00eb Ukrain\u00ebs, Donetsk dhe Luhansk. Kjo \u00ebsht\u00eb nj\u00eb shkelje e qart\u00eb e ligjit nd\u00ebrkomb\u00ebtar, e marr\u00ebveshjes s\u00eb Minskut si dhe c\u00ebnim i integritetit territorial dhe pavar\u00ebsis\u00eb s\u00eb Ukrain\u00ebs.<\/p>\n<p>Shqip\u00ebria q\u00ebndron krah aleat\u00ebve dhe partner\u00ebve nd\u00ebrkomb\u00ebtar\u00eb, n\u00eb mb\u00ebshtetje t\u00eb Ukrain\u00ebs!  <\/p>\n","protected":false},"excerpt":{"rendered":"<p>Ministria e Jashtme e Shqip\u00ebris\u00eb ka d\u00ebnuar vendimin e marr\u00eb nga Rusia p\u00ebr njohjen e pavar\u00ebsis\u00eb s\u00eb rajonit t\u00eb Donbasit n\u00eb Ukrain\u00eb, ku b\u00ebjn\u00eb pjes\u00eb qytetet e Donetskut dhe Luhanskut. Ministrja Olta Xha\u00e7ka shprehet se ky vendim \u00ebsht\u00eb nj\u00eb shkelje e qart\u00eb e ligjit nd\u00ebrkomb\u00ebtar, e marr\u00ebveshjes s\u00eb Minskut si dhe c\u00ebnim i integritetit territorial [&hellip;]<\/p>\n","protected":false},"author":2031,"featured_media":160765,"comment_status":"closed","ping_status":"closed","sticky":false,"template":"","format":"standard","meta":{"footnotes":""},"categories":[231],"tags":[],"class_list":{"0":"post-238541","1":"post","2":"type-post","3":"status-publish","4":"format-standard","5":"has-post-thumbnail","7":"category-lajme"},"_links":{"self":[{"href":"https:\/\/zjarr.tv\/sq\/wp-json\/wp\/v2\/posts\/238541","targetHints":{"allow":["GET"]}}],"collection":[{"href":"https:\/\/zjarr.tv\/sq\/wp-json\/wp\/v2\/posts"}],"about":[{"href":"https:\/\/zjarr.tv\/sq\/wp-json\/wp\/v2\/types\/post"}],"author":[{"embeddable":true,"href":"https:\/\/zjarr.tv\/sq\/wp-json\/wp\/v2\/users\/2031"}],"replies":[{"embeddable":true,"href":"https:\/\/zjarr.tv\/sq\/wp-json\/wp\/v2\/comments?post=238541"}],"version-history":[{"count":0,"href":"https:\/\/zjarr.tv\/sq\/wp-json\/wp\/v2\/posts\/238541\/revisions"}],"wp:featuredmedia":[{"embeddable":true,"href":"https:\/\/zjarr.tv\/sq\/wp-json\/wp\/v2\/media\/160765"}],"wp:attachment":[{"href":"https:\/\/zjarr.tv\/sq\/wp-json\/wp\/v2\/media?parent=238541"}],"wp:term":[{"taxonomy":"category","embeddable":true,"href":"https:\/\/zjarr.tv\/sq\/wp-json\/wp\/v2\/categories?post=238541"},{"taxonomy":"post_tag","embeddable":true,"href":"https:\/\/zjarr.tv\/sq\/wp-json\/wp\/v2\/tags?post=238541"}],"curies":[{"name":"wp","href":"https:\/\/api.w.org\/{rel}","templated":true}]}}