{"id":238543,"date":"2022-02-21T21:53:34","date_gmt":"2022-02-21T20:53:34","guid":{"rendered":"https:\/\/zjarr.tv\/?p=238543"},"modified":"2022-02-21T21:53:34","modified_gmt":"2022-02-21T20:53:34","slug":"keni-udhetuar-me-klodian-zoton-ahmetaj-pergjigjet-ne-komisionin-hetimor-doni-te-shuani-kuriozitetin-per-jeten-time-private","status":"publish","type":"post","link":"https:\/\/zjarr.tv\/sq\/keni-udhetuar-me-klodian-zoton-ahmetaj-pergjigjet-ne-komisionin-hetimor-doni-te-shuani-kuriozitetin-per-jeten-time-private\/","title":{"rendered":"Keni udh\u00ebtuar me Klodian Zoton? Ahmetaj p\u00ebrgjigjet n\u00eb Komisionin Hetimor: Doni t\u00eb shuani kuriozitetin p\u00ebr jet\u00ebn time private"},"content":{"rendered":"<p>Z\u00ebvend\u00ebs kryeministri, Arben Ahmetaj \u00ebsht\u00eb paraqitur mbr\u00ebmjen e sotme n\u00eb Komisionin Hetimor p\u00ebr incenerator\u00ebt, p\u00ebr t\u2019u p\u00ebrgjigjur lidhur me aktet q\u00eb ka firmosur gjat\u00eb koh\u00ebs kur ishte minist\u00ebr i Financave.<\/p>\n<p>Pyetja e par\u00eb q\u00eb \u00ebsht\u00eb b\u00ebr\u00eb ndaj tij ka qen\u00eb n\u00ebse Ahmetaj kishte njohja personale me shtetasin Klodian Zoto, p\u00ebr t\u00eb cilin z\u00ebvend\u00ebs kryeministri tha se e njihte n\u00eb distanc\u00eb dhe se nuk kishte lidhje familjare me t\u00eb.<\/p>\n<p>Nd\u00ebrsa pasi u pyet n\u00ebse kishte udh\u00ebtuar ndonj\u00ebher\u00eb me Zoton, Ahmetaj tha se k\u00ebto ishin pyetje q\u00eb lidheshin me jet\u00ebn private.<\/p>\n<p>Pyetje: A e njihni personalisht, a jeni takuar me shtetasin Klodian Zoto?<\/p>\n<p>Ahmetaj: N\u00eb fakt un\u00eb duhet t\u00eb pyetem k\u00eb nuk njoh. Jo k\u00eb njoh, sepse kam takuar m\u00eb shum\u00eb se 90% t\u00eb biznesmen\u00ebve n\u00eb k\u00ebt\u00eb vend. Zoton e kam njohur n\u00eb distanc\u00eb. Nuk kam lidhje gjaku apo familjare me t\u00eb.<\/p>\n<p>Pyetje: Keni udh\u00ebtuar ndonj\u00ebher\u00eb me k\u00ebt\u00eb person?<\/p>\n<p>Ahmetaj: Un\u00eb kam nj\u00eb jet\u00eb q\u00eb kam udh\u00ebtuar brenda dhe jasht\u00eb vendit, me shum\u00eb miq. N\u00ebse ju doni t\u00eb shuani kuriozitetin e jet\u00ebs time private\u2026<\/p>\n<p>Tabaku: Zoti Ahmetaj, ju lutem p\u00ebrgjigjuni po ose jo, mos u zgjasni m\u00eb kot.<\/p>\n","protected":false},"excerpt":{"rendered":"<p>Z\u00ebvend\u00ebs kryeministri, Arben Ahmetaj \u00ebsht\u00eb paraqitur mbr\u00ebmjen e sotme n\u00eb Komisionin Hetimor p\u00ebr incenerator\u00ebt, p\u00ebr t\u2019u p\u00ebrgjigjur lidhur me aktet q\u00eb ka firmosur gjat\u00eb koh\u00ebs kur ishte minist\u00ebr i Financave. Pyetja e par\u00eb q\u00eb \u00ebsht\u00eb b\u00ebr\u00eb ndaj tij ka qen\u00eb n\u00ebse Ahmetaj kishte njohja personale me shtetasin Klodian Zoto, p\u00ebr t\u00eb cilin z\u00ebvend\u00ebs kryeministri tha [&hellip;]<\/p>\n","protected":false},"author":2031,"featured_media":238544,"comment_status":"closed","ping_status":"closed","sticky":false,"template":"","format":"standard","meta":{"footnotes":""},"categories":[231],"tags":[],"class_list":{"0":"post-238543","1":"post","2":"type-post","3":"status-publish","4":"format-standard","5":"has-post-thumbnail","7":"category-lajme"},"_links":{"self":[{"href":"https:\/\/zjarr.tv\/sq\/wp-json\/wp\/v2\/posts\/238543","targetHints":{"allow":["GET"]}}],"collection":[{"href":"https:\/\/zjarr.tv\/sq\/wp-json\/wp\/v2\/posts"}],"about":[{"href":"https:\/\/zjarr.tv\/sq\/wp-json\/wp\/v2\/types\/post"}],"author":[{"embeddable":true,"href":"https:\/\/zjarr.tv\/sq\/wp-json\/wp\/v2\/users\/2031"}],"replies":[{"embeddable":true,"href":"https:\/\/zjarr.tv\/sq\/wp-json\/wp\/v2\/comments?post=238543"}],"version-history":[{"count":0,"href":"https:\/\/zjarr.tv\/sq\/wp-json\/wp\/v2\/posts\/238543\/revisions"}],"wp:featuredmedia":[{"embeddable":true,"href":"https:\/\/zjarr.tv\/sq\/wp-json\/wp\/v2\/media\/238544"}],"wp:attachment":[{"href":"https:\/\/zjarr.tv\/sq\/wp-json\/wp\/v2\/media?parent=238543"}],"wp:term":[{"taxonomy":"category","embeddable":true,"href":"https:\/\/zjarr.tv\/sq\/wp-json\/wp\/v2\/categories?post=238543"},{"taxonomy":"post_tag","embeddable":true,"href":"https:\/\/zjarr.tv\/sq\/wp-json\/wp\/v2\/tags?post=238543"}],"curies":[{"name":"wp","href":"https:\/\/api.w.org\/{rel}","templated":true}]}}