{"id":238551,"date":"2022-02-21T22:27:49","date_gmt":"2022-02-21T21:27:49","guid":{"rendered":"https:\/\/zjarr.tv\/?p=238551"},"modified":"2022-02-21T22:27:49","modified_gmt":"2022-02-21T21:27:49","slug":"deklarata-e-yuri-kim-paloka-ne-nje-vend-te-huaj-do-kerkohej-shpallja-e-saj-non-grata","status":"publish","type":"post","link":"https:\/\/zjarr.tv\/sq\/deklarata-e-yuri-kim-paloka-ne-nje-vend-te-huaj-do-kerkohej-shpallja-e-saj-non-grata\/","title":{"rendered":"Deklarata e Yuri Kim, Paloka: N\u00eb nj\u00eb vend t\u00eb huaj do k\u00ebrkohej shpallja e saj non grata"},"content":{"rendered":"<p>An\u00ebtari i Komisionit t\u00eb Rithemelimit n\u00eb Partin\u00eb Demokratike Edi Paloka komentoi n\u00eb Radarin Informativ n\u00eb ABC deklarat\u00ebn e ambasadores amerikane Yuri Kim n\u00eb lidhje me kandidat\u00ebt q\u00eb sponsorizohen nga individ\u00eb t\u00eb shpallur non grata. Paloka u shpreh se Kim mb\u00ebshtet qeverin\u00eb nd\u00ebrsa q\u00ebndrimet pro Bash\u00ebs i p\u00ebrktheu po ashtu si mb\u00ebshtetje indirekte p\u00ebr kryeministrin Edi Rama.<\/p>\n<p>\u201cMb\u00ebshtetja p\u00ebr Bash\u00ebn \u00ebsht\u00eb thjesht nj\u00eb mb\u00ebshtetje indirekte p\u00ebr Ram\u00ebn. Duke mb\u00ebshtetur Bash\u00ebn si kryetar opozite ambasadorja dhe Soros mb\u00ebshtesin direkt Ram\u00ebn. Basha u duhet t\u00eb jet\u00eb aty p\u00ebr t\u00eb mbajtur n\u00eb pushtet Ram\u00ebn. Un\u00eb mendoj se gjith\u00eb kjo koh\u00eb, gjith\u00eb kjo periudh\u00eb organizimi i Kuvendit p\u00ebr Rithemelimin e kan\u00eb dh\u00ebn\u00eb p\u00ebrgjigjen p\u00ebr k\u00ebt\u00eb pik\u00eb. Ne e duam Amerik\u00ebn jo si nocion jo si pozit\u00eb gjeografike. Kur merr pozicione t\u00eb tilla shqiptar\u00ebt i konceptojn\u00eb gj\u00ebrat\u201d, tha Paloka.<\/p>\n<p>Ai tha se n\u00eb \u00e7do vend tjet\u00ebr do kishte nj\u00eb reagim p\u00ebr deklarat\u00ebn e ambasadores deri n\u00eb shpalljen non grata t\u00eb saj.<\/p>\n<p>\u201cNe kemi k\u00ebrkuar na jepni prova p\u00ebr k\u00ebto q\u00eb akuzon zoti Berisha. Ky \u00ebsht\u00eb rasti i fundit kur shqiptar\u00ebve u thuhet votoni ato q\u00eb themi ne jo ato q\u00eb doni ju. N\u00eb poza dashurie me ta q\u00eb t\u00eb tregohen marr\u00ebdh\u00ebniet q\u00eb ka me k\u00ebt\u00eb qeveri. Si mund t\u2019u thuash demokrat\u00ebve mos votoni nj\u00eb njeri q\u00eb e keni zgjedhur vet\u00eb. \u00c7far\u00eb iu thua shqiptar\u00ebve t\u00eb votojn\u00eb kandidat\u00ebt e Edi Ram\u00ebs. I b\u00ebjm\u00eb thirrje t\u00eb ruaj\u00eb pozicionin e saj.<\/p>\n","protected":false},"excerpt":{"rendered":"<p>An\u00ebtari i Komisionit t\u00eb Rithemelimit n\u00eb Partin\u00eb Demokratike Edi Paloka komentoi n\u00eb Radarin Informativ n\u00eb ABC deklarat\u00ebn e ambasadores amerikane Yuri Kim n\u00eb lidhje me kandidat\u00ebt q\u00eb sponsorizohen nga individ\u00eb t\u00eb shpallur non grata. Paloka u shpreh se Kim mb\u00ebshtet qeverin\u00eb nd\u00ebrsa q\u00ebndrimet pro Bash\u00ebs i p\u00ebrktheu po ashtu si mb\u00ebshtetje indirekte p\u00ebr kryeministrin Edi [&hellip;]<\/p>\n","protected":false},"author":2031,"featured_media":159035,"comment_status":"closed","ping_status":"closed","sticky":false,"template":"","format":"standard","meta":{"footnotes":""},"categories":[231],"tags":[],"class_list":{"0":"post-238551","1":"post","2":"type-post","3":"status-publish","4":"format-standard","5":"has-post-thumbnail","7":"category-lajme"},"_links":{"self":[{"href":"https:\/\/zjarr.tv\/sq\/wp-json\/wp\/v2\/posts\/238551","targetHints":{"allow":["GET"]}}],"collection":[{"href":"https:\/\/zjarr.tv\/sq\/wp-json\/wp\/v2\/posts"}],"about":[{"href":"https:\/\/zjarr.tv\/sq\/wp-json\/wp\/v2\/types\/post"}],"author":[{"embeddable":true,"href":"https:\/\/zjarr.tv\/sq\/wp-json\/wp\/v2\/users\/2031"}],"replies":[{"embeddable":true,"href":"https:\/\/zjarr.tv\/sq\/wp-json\/wp\/v2\/comments?post=238551"}],"version-history":[{"count":0,"href":"https:\/\/zjarr.tv\/sq\/wp-json\/wp\/v2\/posts\/238551\/revisions"}],"wp:featuredmedia":[{"embeddable":true,"href":"https:\/\/zjarr.tv\/sq\/wp-json\/wp\/v2\/media\/159035"}],"wp:attachment":[{"href":"https:\/\/zjarr.tv\/sq\/wp-json\/wp\/v2\/media?parent=238551"}],"wp:term":[{"taxonomy":"category","embeddable":true,"href":"https:\/\/zjarr.tv\/sq\/wp-json\/wp\/v2\/categories?post=238551"},{"taxonomy":"post_tag","embeddable":true,"href":"https:\/\/zjarr.tv\/sq\/wp-json\/wp\/v2\/tags?post=238551"}],"curies":[{"name":"wp","href":"https:\/\/api.w.org\/{rel}","templated":true}]}}