{"id":238554,"date":"2022-02-21T22:30:32","date_gmt":"2022-02-21T21:30:32","guid":{"rendered":"https:\/\/zjarr.tv\/?p=238554"},"modified":"2022-02-21T22:30:32","modified_gmt":"2022-02-21T21:30:32","slug":"deputetit-demokrat-te-lushnjes-po-i-behet-presion-nga-brenda-partise-qe-te-hape-vendin-per-kete-reforme-ne-drejtesi-flet-shoqja-yuri","status":"publish","type":"post","link":"https:\/\/zjarr.tv\/sq\/deputetit-demokrat-te-lushnjes-po-i-behet-presion-nga-brenda-partise-qe-te-hape-vendin-per-kete-reforme-ne-drejtesi-flet-shoqja-yuri\/","title":{"rendered":"Deputetit demokrat t\u00eb Lushnjes po i b\u00ebhet presion nga brenda partis\u00eb q\u00eb t\u00eb hap\u00eb vendin. P\u00ebr k\u00ebt\u00eb Reform\u00eb n\u00eb Drejt\u00ebsi flet Shoqja Yuri?"},"content":{"rendered":"<p>Nga Adriana Kalaja<\/p>\n<p>Dikush m\u00eb tha se deputetit q\u00eb kishte par\u00eb minj te spitali i qytetit dhe jo vet\u00ebm, minjt\u00eb e \u201cpartis\u00eb\u201d po i b\u00ebjn\u00eb presion dhe ofert\u00eb t\u00eb jap\u00eb dor\u00ebheqjen. Shikoni kujt i takon t\u00eb futet n\u00eb Kuvend sipas list\u00ebs, dhe do kuptoni p\u00ebr k\u00eb b\u00ebhet fjal\u00eb.<\/p>\n<p>Ti thot\u00eb dikush deputetit q\u00eb meku nga t\u00eb qeshurat ish Kryetarin dhe ata koleg\u00ebt e tij se, korrupsion quhet edhe nga ai q\u00eb pranon ofert\u00ebn.<\/p>\n<p>Di gj\u00eb Yuri Kim p\u00ebr k\u00ebt\u00eb?<\/p>\n<p>\u00cbsht\u00eb e nj\u00ebjta skem\u00eb si ajo e Mark Markut ose 2 M n\u00eb Lezh\u00eb dhe q\u00eb p\u00ebr \u00e7udi nuk ka asnj\u00eb reagim nga institucionet ligjzbatuese.<\/p>\n<p>As nga SPAK.<\/p>\n<p>P\u00ebr k\u00ebt\u00eb Reform\u00eb n\u00eb Drejt\u00ebsi flet Shoqja Yuri?<\/p>\n<p>Ps: Uroj t\u2019i kthehet sh\u00ebndosh\u00eb e mir\u00eb Lulzimi se ka koh\u00eb q\u00eb kjo lufton p\u00ebr viz\u00ebn e tij. Ka pas raste kur kan\u00eb ikur dhe nuk jan\u00eb kthyer.<\/p>\n<p>Hihihihihihihihi.<\/p>\n","protected":false},"excerpt":{"rendered":"<p>Nga Adriana Kalaja Dikush m\u00eb tha se deputetit q\u00eb kishte par\u00eb minj te spitali i qytetit dhe jo vet\u00ebm, minjt\u00eb e \u201cpartis\u00eb\u201d po i b\u00ebjn\u00eb presion dhe ofert\u00eb t\u00eb jap\u00eb dor\u00ebheqjen. Shikoni kujt i takon t\u00eb futet n\u00eb Kuvend sipas list\u00ebs, dhe do kuptoni p\u00ebr k\u00eb b\u00ebhet fjal\u00eb. Ti thot\u00eb dikush deputetit q\u00eb meku nga [&hellip;]<\/p>\n","protected":false},"author":2031,"featured_media":238555,"comment_status":"closed","ping_status":"closed","sticky":false,"template":"","format":"standard","meta":{"footnotes":""},"categories":[231],"tags":[],"class_list":{"0":"post-238554","1":"post","2":"type-post","3":"status-publish","4":"format-standard","5":"has-post-thumbnail","7":"category-lajme"},"_links":{"self":[{"href":"https:\/\/zjarr.tv\/sq\/wp-json\/wp\/v2\/posts\/238554","targetHints":{"allow":["GET"]}}],"collection":[{"href":"https:\/\/zjarr.tv\/sq\/wp-json\/wp\/v2\/posts"}],"about":[{"href":"https:\/\/zjarr.tv\/sq\/wp-json\/wp\/v2\/types\/post"}],"author":[{"embeddable":true,"href":"https:\/\/zjarr.tv\/sq\/wp-json\/wp\/v2\/users\/2031"}],"replies":[{"embeddable":true,"href":"https:\/\/zjarr.tv\/sq\/wp-json\/wp\/v2\/comments?post=238554"}],"version-history":[{"count":0,"href":"https:\/\/zjarr.tv\/sq\/wp-json\/wp\/v2\/posts\/238554\/revisions"}],"wp:featuredmedia":[{"embeddable":true,"href":"https:\/\/zjarr.tv\/sq\/wp-json\/wp\/v2\/media\/238555"}],"wp:attachment":[{"href":"https:\/\/zjarr.tv\/sq\/wp-json\/wp\/v2\/media?parent=238554"}],"wp:term":[{"taxonomy":"category","embeddable":true,"href":"https:\/\/zjarr.tv\/sq\/wp-json\/wp\/v2\/categories?post=238554"},{"taxonomy":"post_tag","embeddable":true,"href":"https:\/\/zjarr.tv\/sq\/wp-json\/wp\/v2\/tags?post=238554"}],"curies":[{"name":"wp","href":"https:\/\/api.w.org\/{rel}","templated":true}]}}