{"id":238565,"date":"2022-02-21T22:59:17","date_gmt":"2022-02-21T21:59:17","guid":{"rendered":"https:\/\/zjarr.tv\/?p=238565"},"modified":"2022-02-21T22:59:17","modified_gmt":"2022-02-21T21:59:17","slug":"keto-pasthirrmat-ne-mes-te-nates-plas-e-qeshura-ne-komisionin-hetimor-ahmetaj-tabakut-uaaa-po-he-mipasthirrmat-ne-mesnate-jane","status":"publish","type":"post","link":"https:\/\/zjarr.tv\/sq\/keto-pasthirrmat-ne-mes-te-nates-plas-e-qeshura-ne-komisionin-hetimor-ahmetaj-tabakut-uaaa-po-he-mipasthirrmat-ne-mesnate-jane\/","title":{"rendered":"\u201cK\u00ebto pasthirrmat n\u00eb mes t\u00eb nat\u00ebs\u201d, plas e QESHURA n\u00eb Komisionin Hetimor, Ahmetaj-Tabakut: Uaaa, po h\u00eb mi\u2026Pasthirrmat n\u00eb mesnat\u00eb jan\u00eb!"},"content":{"rendered":"<p>D\u00ebshmia e zv.kryeministrit Arben Ahmetaj n\u00eb Komisionin Hetimor p\u00ebr incenerator\u00ebt \u00ebsht\u00eb shoq\u00ebruar edhe me momente gazmore.<\/p>\n<p>N\u00eb nj\u00eb moment, Ahmetaj i thot\u00eb Tabakut se e kupton q\u00eb \u00ebsht\u00eb shum\u00eb e lodhur, nd\u00ebrsa i drejtohet edhe me fjal\u00ebt \u00fcaaa, po h\u00eb mi\u201d. Pik\u00ebrisht k\u00ebto fjal\u00eb nuk i kan\u00eb p\u00eblqyer Tabakut, e cila i ka th\u00ebn\u00eb Ahmetajt t\u00eb mos p\u00ebrdor\u00eb m\u00eb pasthirrma t\u00eb tilla n\u00eb mes t\u00eb nat\u00ebs.<\/p>\n<p>E menj\u00ebhershme p\u00ebrgjigja e zv.kryeministrit, i cili \u00ebsht\u00eb shprehur se pasthirrmat n\u00eb mes t\u00eb nat\u00ebs b\u00ebhen, duke shkaktuar t\u00eb qeshura n\u00eb studio.<\/p>\n<p>Pjes\u00eb nga debati:<\/p>\n<p>Tabaku: Po shyqyr q\u00eb e kemi nj\u00ebher\u00eb n\u00eb dor\u00eb t\u00eb komandojm\u00eb fjal\u00ebn<\/p>\n<p>Ahmetaj: Do t\u00eb lutesha, edhe p\u00ebr transparenc\u00eb, se edhe e lodhur je<\/p>\n<p>Tabaku: Jo, un\u00eb jam shum\u00eb e qet\u00eb<\/p>\n<p>Ahmetaj: T\u00eb thash\u00eb je e lodhur, jo q\u00eb s\u2019je e qet\u00eb. Uaaa, po h\u00eb mi\u2026<\/p>\n<p>Tabaku: Po t\u00eb lutem se k\u00ebto pasthirrmat tani n\u00eb mes t\u00eb nat\u00ebs. T\u00eb lutem, me qet\u00ebsi tani<\/p>\n<p>Ahmetaj: Pasthirrmat n\u00eb mesnat\u00eb jan\u00eb kur jan\u00eb\u2026<\/p>\n","protected":false},"excerpt":{"rendered":"<p>D\u00ebshmia e zv.kryeministrit Arben Ahmetaj n\u00eb Komisionin Hetimor p\u00ebr incenerator\u00ebt \u00ebsht\u00eb shoq\u00ebruar edhe me momente gazmore. N\u00eb nj\u00eb moment, Ahmetaj i thot\u00eb Tabakut se e kupton q\u00eb \u00ebsht\u00eb shum\u00eb e lodhur, nd\u00ebrsa i drejtohet edhe me fjal\u00ebt \u00fcaaa, po h\u00eb mi\u201d. Pik\u00ebrisht k\u00ebto fjal\u00eb nuk i kan\u00eb p\u00eblqyer Tabakut, e cila i ka th\u00ebn\u00eb Ahmetajt [&hellip;]<\/p>\n","protected":false},"author":2031,"featured_media":238566,"comment_status":"closed","ping_status":"closed","sticky":false,"template":"","format":"standard","meta":{"footnotes":""},"categories":[231],"tags":[],"class_list":{"0":"post-238565","1":"post","2":"type-post","3":"status-publish","4":"format-standard","5":"has-post-thumbnail","7":"category-lajme"},"_links":{"self":[{"href":"https:\/\/zjarr.tv\/sq\/wp-json\/wp\/v2\/posts\/238565","targetHints":{"allow":["GET"]}}],"collection":[{"href":"https:\/\/zjarr.tv\/sq\/wp-json\/wp\/v2\/posts"}],"about":[{"href":"https:\/\/zjarr.tv\/sq\/wp-json\/wp\/v2\/types\/post"}],"author":[{"embeddable":true,"href":"https:\/\/zjarr.tv\/sq\/wp-json\/wp\/v2\/users\/2031"}],"replies":[{"embeddable":true,"href":"https:\/\/zjarr.tv\/sq\/wp-json\/wp\/v2\/comments?post=238565"}],"version-history":[{"count":0,"href":"https:\/\/zjarr.tv\/sq\/wp-json\/wp\/v2\/posts\/238565\/revisions"}],"wp:featuredmedia":[{"embeddable":true,"href":"https:\/\/zjarr.tv\/sq\/wp-json\/wp\/v2\/media\/238566"}],"wp:attachment":[{"href":"https:\/\/zjarr.tv\/sq\/wp-json\/wp\/v2\/media?parent=238565"}],"wp:term":[{"taxonomy":"category","embeddable":true,"href":"https:\/\/zjarr.tv\/sq\/wp-json\/wp\/v2\/categories?post=238565"},{"taxonomy":"post_tag","embeddable":true,"href":"https:\/\/zjarr.tv\/sq\/wp-json\/wp\/v2\/tags?post=238565"}],"curies":[{"name":"wp","href":"https:\/\/api.w.org\/{rel}","templated":true}]}}