{"id":238571,"date":"2022-02-22T11:41:27","date_gmt":"2022-02-22T10:41:27","guid":{"rendered":"https:\/\/zjarr.tv\/?p=238571"},"modified":"2022-02-22T11:41:27","modified_gmt":"2022-02-22T10:41:27","slug":"imt-mberrin-te-5-maji-per-te-shembur-banesat-banoret-perplasen-fizikisht-me-policine","status":"publish","type":"post","link":"https:\/\/zjarr.tv\/sq\/imt-mberrin-te-5-maji-per-te-shembur-banesat-banoret-perplasen-fizikisht-me-policine\/","title":{"rendered":"IMT mb\u00ebrrin te \u201c5 Maji\u201d p\u00ebr t\u00eb shembur banesat, banor\u00ebt p\u00ebrplasen fizikisht me policin\u00eb"},"content":{"rendered":"<p>M\u00ebngjesin e sot\u00ebm ka nisur s\u00ebrish aksioni p\u00ebr shembjen e banesave q\u00eb kan\u00eb mbetur ende n\u00eb zon\u00ebn e \u201c5 Majit\u201d.<\/p>\n<p>Prej koh\u00ebsh, banor\u00ebt atje kund\u00ebrshtojn\u00eb prishjen e sht\u00ebpive edhe pse rreth dy jav\u00eb m\u00eb par\u00eb u shemb\u00ebn nga IMT banesat e para dhe u has\u00ebn me kund\u00ebrshtime dhe p\u00ebrplasje t\u00eb shumta nga qytetar\u00ebt.<\/p>\n<p>Banor\u00ebve t\u00eb \u201c5 Majit\u201d n\u00eb nj\u00ebsin\u00eb num\u00ebr 4 dhe 8 do tu shemben sot banesat. Grat\u00eb e \u201c5 Majit\u201d jan\u00eb kapur dor\u00eb p\u00ebrdore dhe kan\u00eb thurur nj\u00eb kordon p\u00ebr mos lejuar policin\u00eb t\u00eb kaloj\u00eb, ku ka pasur edhe p\u00ebrplasje t\u00eb fort\u00eb mes tyre, nd\u00ebrsa burrat kan\u00eb hipur n\u00eb tarracat e banesave q\u00eb jan\u00eb n\u00eb projekt p\u00ebr tu shembur.<\/p>\n<p>Kujtojm\u00eb q\u00eb Bashkia e Tiran\u00ebs m\u00eb par\u00eb ka sqaruar se pjesa e banor\u00ebve q\u00eb preken nga projekti i lagjes s\u00eb re po n\u00ebnshkruajn\u00eb kontratat me Bashkin\u00eb e Tiran\u00ebs. VKM e miratuar n\u00eb shtator 2021, thot\u00eb shprehimisht se k\u00ebta banor\u00eb kompensohen 100% me sht\u00ebpi n\u00eb pallatet e reja, me t\u00eb nj\u00ebjt\u00ebn sip\u00ebrfaqe n\u00eb metra katror\u00eb t\u00eb banes\u00ebs q\u00eb zot\u00ebrojn\u00eb aktualisht.<\/p>\n","protected":false},"excerpt":{"rendered":"<p>M\u00ebngjesin e sot\u00ebm ka nisur s\u00ebrish aksioni p\u00ebr shembjen e banesave q\u00eb kan\u00eb mbetur ende n\u00eb zon\u00ebn e \u201c5 Majit\u201d. Prej koh\u00ebsh, banor\u00ebt atje kund\u00ebrshtojn\u00eb prishjen e sht\u00ebpive edhe pse rreth dy jav\u00eb m\u00eb par\u00eb u shemb\u00ebn nga IMT banesat e para dhe u has\u00ebn me kund\u00ebrshtime dhe p\u00ebrplasje t\u00eb shumta nga qytetar\u00ebt. Banor\u00ebve t\u00eb [&hellip;]<\/p>\n","protected":false},"author":2030,"featured_media":238572,"comment_status":"closed","ping_status":"closed","sticky":false,"template":"","format":"standard","meta":{"footnotes":""},"categories":[241,5380,231],"tags":[],"class_list":{"0":"post-238571","1":"post","2":"type-post","3":"status-publish","4":"format-standard","5":"has-post-thumbnail","7":"category-aktualitet","8":"category-kryesore","9":"category-lajme"},"_links":{"self":[{"href":"https:\/\/zjarr.tv\/sq\/wp-json\/wp\/v2\/posts\/238571","targetHints":{"allow":["GET"]}}],"collection":[{"href":"https:\/\/zjarr.tv\/sq\/wp-json\/wp\/v2\/posts"}],"about":[{"href":"https:\/\/zjarr.tv\/sq\/wp-json\/wp\/v2\/types\/post"}],"author":[{"embeddable":true,"href":"https:\/\/zjarr.tv\/sq\/wp-json\/wp\/v2\/users\/2030"}],"replies":[{"embeddable":true,"href":"https:\/\/zjarr.tv\/sq\/wp-json\/wp\/v2\/comments?post=238571"}],"version-history":[{"count":0,"href":"https:\/\/zjarr.tv\/sq\/wp-json\/wp\/v2\/posts\/238571\/revisions"}],"wp:featuredmedia":[{"embeddable":true,"href":"https:\/\/zjarr.tv\/sq\/wp-json\/wp\/v2\/media\/238572"}],"wp:attachment":[{"href":"https:\/\/zjarr.tv\/sq\/wp-json\/wp\/v2\/media?parent=238571"}],"wp:term":[{"taxonomy":"category","embeddable":true,"href":"https:\/\/zjarr.tv\/sq\/wp-json\/wp\/v2\/categories?post=238571"},{"taxonomy":"post_tag","embeddable":true,"href":"https:\/\/zjarr.tv\/sq\/wp-json\/wp\/v2\/tags?post=238571"}],"curies":[{"name":"wp","href":"https:\/\/api.w.org\/{rel}","templated":true}]}}