{"id":238583,"date":"2022-02-22T11:52:01","date_gmt":"2022-02-22T10:52:01","guid":{"rendered":"https:\/\/zjarr.tv\/?p=238583"},"modified":"2022-02-22T11:52:01","modified_gmt":"2022-02-22T10:52:01","slug":"kordinatorja-e-fushates-se-bashes-thumbon-berishen-ka-dobesi-te-madhe-per-zedheneset-e-veta-i-mungon-koherenca-politike","status":"publish","type":"post","link":"https:\/\/zjarr.tv\/sq\/kordinatorja-e-fushates-se-bashes-thumbon-berishen-ka-dobesi-te-madhe-per-zedheneset-e-veta-i-mungon-koherenca-politike\/","title":{"rendered":"Kordinatorja e fushat\u00ebs s\u00eb Bash\u00ebs \u201cthumbon\u201d Berish\u00ebn: Ka dob\u00ebsi t\u00eb madhe p\u00ebr z\u00ebdh\u00ebn\u00ebset e veta, i mungon koherenca politike"},"content":{"rendered":"<p>Kordinatorja e fushat\u00ebs elektorale t\u00eb PD n\u00eb zgjedhjet e 25 prillit 2021, e zgjedhur tashm\u00eb nga kuvendi n\u00eb bordin e AMA si propozim i PD, Desada Metaj, reagoi dje n\u00ebp\u00ebrmjet nj\u00eb statusi n\u00eb facebook, ndaj deklarat\u00ebs s\u00eb Sali Berish\u00ebs, p\u00ebr propozimin e saj n\u00eb AMA.<\/p>\n<p>\u201cNuk kam patur kurr\u00eb dyshime p\u00ebr koherenc\u00ebn e munguar politike t\u00eb Sali Berish\u00ebs, por kam shpresuar gjithmon\u00eb se t\u00eb pakt\u00ebn informacionet p\u00ebr z\u00ebdh\u00ebn\u00ebset do t\u2019i kishte t\u00eb sakta. Duke u nisur dhe nga dob\u00ebsia q\u00eb ka p\u00ebr to!\u201d shkruan jo pa ironi Desada Metaj n\u00eb statusin e saj.<\/p>\n<p>\u201cPo ndiqja me shum\u00eb v\u00ebmendje zhvillimet n\u00eb komisionin e incenerator\u00ebve kur m\u00eb than\u00eb se Sali Berisha paska deklaruar se zgjedhja ime n\u00eb bordin e AMA-s q\u00ebnka tregues i bashk\u00ebqeverisjes, meq\u00eb aty drejton ish z\u00ebdh\u00ebn\u00ebsja e Ram\u00ebs dhe un\u00eb (sipas tij) z\u00ebdh\u00ebn\u00ebse e Bash\u00ebs. Pozicion t\u00eb cilin se kam patur kurr\u00eb n\u00eb PD. Pas 22 vitesh n\u00eb gazetarin\u00eb aktive kam drejtuar komunikimin e fushat\u00ebs elektorale t\u00eb PD p\u00ebr zgjedhjet e 25 prillit.<\/p>\n<p>Kur PD mori vendim p\u00ebr t\u2019u larguar nga \u00e7do institucion, p\u00ebrfshir\u00eb parlamentin dhe bashkit\u00eb, ajo kishte p\u00ebrfaq\u00ebsuesit e saj n\u00eb AMA t\u00eb bekuar dhe nga Sali Berisha. Ata nuk e braktis\u00ebn vendin n\u00eb bord, duke qen\u00eb i vetmi institucion q\u00eb kishte p\u00ebrfaq\u00ebsues t\u00eb PD. Tani q\u00eb dhe vet\u00eb Berisha \u00ebsht\u00eb rikthyer n\u00eb parlament dhe opozita s\u00ebrish ka p\u00ebrfaq\u00ebsuesit e saj n\u00eb AMA, un\u00eb p\u00ebrfaq\u00ebsokam bashk\u00ebqeverisjen\u201d shkruan Desada Metaj.<\/p>\n<p>Akuza e Berish\u00ebs u b\u00eb dje n\u00eb daljen e tij publike n\u00eb prezantimin e nj\u00eb prej kandidat\u00ebve t\u00eb Sht\u00ebpis\u00eb s\u00eb Liris\u00eb.<\/p>\n","protected":false},"excerpt":{"rendered":"<p>Kordinatorja e fushat\u00ebs elektorale t\u00eb PD n\u00eb zgjedhjet e 25 prillit 2021, e zgjedhur tashm\u00eb nga kuvendi n\u00eb bordin e AMA si propozim i PD, Desada Metaj, reagoi dje n\u00ebp\u00ebrmjet nj\u00eb statusi n\u00eb facebook, ndaj deklarat\u00ebs s\u00eb Sali Berish\u00ebs, p\u00ebr propozimin e saj n\u00eb AMA. \u201cNuk kam patur kurr\u00eb dyshime p\u00ebr koherenc\u00ebn e munguar politike [&hellip;]<\/p>\n","protected":false},"author":2030,"featured_media":238584,"comment_status":"closed","ping_status":"closed","sticky":false,"template":"","format":"standard","meta":{"footnotes":""},"categories":[241,3366,5380,231,1454],"tags":[],"class_list":{"0":"post-238583","1":"post","2":"type-post","3":"status-publish","4":"format-standard","5":"has-post-thumbnail","7":"category-aktualitet","8":"category-koment","9":"category-kryesore","10":"category-lajme","11":"category-politike"},"_links":{"self":[{"href":"https:\/\/zjarr.tv\/sq\/wp-json\/wp\/v2\/posts\/238583","targetHints":{"allow":["GET"]}}],"collection":[{"href":"https:\/\/zjarr.tv\/sq\/wp-json\/wp\/v2\/posts"}],"about":[{"href":"https:\/\/zjarr.tv\/sq\/wp-json\/wp\/v2\/types\/post"}],"author":[{"embeddable":true,"href":"https:\/\/zjarr.tv\/sq\/wp-json\/wp\/v2\/users\/2030"}],"replies":[{"embeddable":true,"href":"https:\/\/zjarr.tv\/sq\/wp-json\/wp\/v2\/comments?post=238583"}],"version-history":[{"count":0,"href":"https:\/\/zjarr.tv\/sq\/wp-json\/wp\/v2\/posts\/238583\/revisions"}],"wp:featuredmedia":[{"embeddable":true,"href":"https:\/\/zjarr.tv\/sq\/wp-json\/wp\/v2\/media\/238584"}],"wp:attachment":[{"href":"https:\/\/zjarr.tv\/sq\/wp-json\/wp\/v2\/media?parent=238583"}],"wp:term":[{"taxonomy":"category","embeddable":true,"href":"https:\/\/zjarr.tv\/sq\/wp-json\/wp\/v2\/categories?post=238583"},{"taxonomy":"post_tag","embeddable":true,"href":"https:\/\/zjarr.tv\/sq\/wp-json\/wp\/v2\/tags?post=238583"}],"curies":[{"name":"wp","href":"https:\/\/api.w.org\/{rel}","templated":true}]}}