{"id":238595,"date":"2022-02-22T12:00:01","date_gmt":"2022-02-22T11:00:01","guid":{"rendered":"https:\/\/zjarr.tv\/?p=238595"},"modified":"2022-02-22T12:00:01","modified_gmt":"2022-02-22T11:00:01","slug":"perplasje-e-ashper-veliaj-tabaku-per-inceneratoret-ti-kam-fituar-te-gjitha-gjyqet-ti-shpif-reagon-kryetarja-gjykatat-i-perdor-si-di-ti","status":"publish","type":"post","link":"https:\/\/zjarr.tv\/sq\/perplasje-e-ashper-veliaj-tabaku-per-inceneratoret-ti-kam-fituar-te-gjitha-gjyqet-ti-shpif-reagon-kryetarja-gjykatat-i-perdor-si-di-ti\/","title":{"rendered":"P\u00ebrplasje e ashp\u00ebr Veliaj \u2013 Tabaku p\u00ebr incenerator\u00ebt: Ti kam fituar t\u00eb gjitha gjyqet, ti shpif! Reagon kryetarja: Gjykatat i p\u00ebrdor si di ti"},"content":{"rendered":"<p>P\u00ebrplasje e ashp\u00ebr mes kryetarit t\u00eb Bashkis\u00eb s\u00eb Tiran\u00ebs Erion Veliaj dhe kryetares s\u00eb komisionit hetimor p\u00ebr Incenerator\u00ebt Jorida Tabaku p\u00ebr \u00e7\u00ebshtjen e inceneratorit t\u00eb Tiran\u00ebs.<\/p>\n<p>Veliaj lexoi shkresat e bashkive Kavaj\u00eb dhe Vore q\u00eb hyjn\u00eb n\u00eb detajime specifike p\u00ebr k\u00ebrkes\u00ebn p\u00ebr incenerator\u00ebt, nd\u00ebrkoh\u00eb q\u00eb thot\u00eb se ai, ka marr\u00eb mendimin e K\u00ebshillit Bashkiak.<\/p>\n<p>\u201cPo shpif. Merrini shkres\u00ebn e K\u00ebshillit Bashkiak\u201d thot\u00eb Tabaku n\u00eb tone t\u00eb ashpra nd\u00ebrkoh\u00eb q\u00eb Veliaj i k\u00ebrkon kryetares t\u00eb qet\u00ebsohet dhe t\u00eb b\u00ebj\u00eb pak pushim sepse ai p\u00ebrher\u00eb ka fituar gjyqet me t\u00eb.<\/p>\n<p>\u201cJe m\u00ebsuar shpesh t\u00eb shpif\u00ebsh por un\u00eb ti kam fituar t\u00eb gjitha gjyqet. Ndaj qet\u00ebsohu\u201d I thot\u00eb kryebashkiaku Veliaj kryetares s\u00eb Komisionit.<\/p>\n<p>Debati vazhdon me minuta t\u00eb t\u00ebra n\u00ebse ka nj\u00eb vendim t\u00eb k\u00ebshillit bashkiak p\u00ebr incenerator\u00ebt nd\u00ebrkoh\u00eb q\u00eb zonja Tabaku k\u00ebrkon nga sekretaria e komisionit t\u00eb administroj\u00eb dokumentet.<\/p>\n<p>\u201cMe qet\u00ebsi, me qet\u00ebsi\u201d d\u00ebgjohet Veliaj gjat\u00eb gjith\u00eb koh\u00ebs nd\u00ebrkoh\u00eb q\u00eb zonja Tabaku I thot\u00eb se \u201cd\u00ebshmitari po g\u00ebnjen nd\u00ebrkoh\u00eb q\u00eb \u00ebsht\u00eb n\u00ebn betim p\u00ebrpara k\u00ebtij komisioni\u201d.<\/p>\n<p>Nd\u00ebrkoh\u00eb Tabaku vazhdon t\u00eb thot\u00eb se gjykatat shqiptare I ka n\u00ebn kontroll Veliaj dhe se asnj\u00ebher\u00eb ajo nuk ka shpifur.<\/p>\n<p>Veliaj I thot\u00eb kryetares Tabaku se ajo nuk di t\u00eb b\u00ebj\u00eb dallimin mes kryetarit t\u00eb bashkis\u00eb, k\u00ebshillit t\u00eb qarkut dhe k\u00ebshillit bashkiak. Gjith\u00eb procedura q\u00eb ai ka ndjekur \u00ebsht\u00eb p\u00ebr t\u00eb pastruar t\u00eb gjitha plehrat q\u00eb ka l\u00ebn\u00eb PD n\u00eb 2015 kur flinte gjum\u00eb kur kishte drejtimin e bashkis\u00eb.<\/p>\n","protected":false},"excerpt":{"rendered":"<p>P\u00ebrplasje e ashp\u00ebr mes kryetarit t\u00eb Bashkis\u00eb s\u00eb Tiran\u00ebs Erion Veliaj dhe kryetares s\u00eb komisionit hetimor p\u00ebr Incenerator\u00ebt Jorida Tabaku p\u00ebr \u00e7\u00ebshtjen e inceneratorit t\u00eb Tiran\u00ebs. Veliaj lexoi shkresat e bashkive Kavaj\u00eb dhe Vore q\u00eb hyjn\u00eb n\u00eb detajime specifike p\u00ebr k\u00ebrkes\u00ebn p\u00ebr incenerator\u00ebt, nd\u00ebrkoh\u00eb q\u00eb thot\u00eb se ai, ka marr\u00eb mendimin e K\u00ebshillit Bashkiak. \u201cPo [&hellip;]<\/p>\n","protected":false},"author":2030,"featured_media":238596,"comment_status":"closed","ping_status":"closed","sticky":false,"template":"","format":"standard","meta":{"footnotes":""},"categories":[241,231,1454],"tags":[],"class_list":{"0":"post-238595","1":"post","2":"type-post","3":"status-publish","4":"format-standard","5":"has-post-thumbnail","7":"category-aktualitet","8":"category-lajme","9":"category-politike"},"_links":{"self":[{"href":"https:\/\/zjarr.tv\/sq\/wp-json\/wp\/v2\/posts\/238595","targetHints":{"allow":["GET"]}}],"collection":[{"href":"https:\/\/zjarr.tv\/sq\/wp-json\/wp\/v2\/posts"}],"about":[{"href":"https:\/\/zjarr.tv\/sq\/wp-json\/wp\/v2\/types\/post"}],"author":[{"embeddable":true,"href":"https:\/\/zjarr.tv\/sq\/wp-json\/wp\/v2\/users\/2030"}],"replies":[{"embeddable":true,"href":"https:\/\/zjarr.tv\/sq\/wp-json\/wp\/v2\/comments?post=238595"}],"version-history":[{"count":0,"href":"https:\/\/zjarr.tv\/sq\/wp-json\/wp\/v2\/posts\/238595\/revisions"}],"wp:featuredmedia":[{"embeddable":true,"href":"https:\/\/zjarr.tv\/sq\/wp-json\/wp\/v2\/media\/238596"}],"wp:attachment":[{"href":"https:\/\/zjarr.tv\/sq\/wp-json\/wp\/v2\/media?parent=238595"}],"wp:term":[{"taxonomy":"category","embeddable":true,"href":"https:\/\/zjarr.tv\/sq\/wp-json\/wp\/v2\/categories?post=238595"},{"taxonomy":"post_tag","embeddable":true,"href":"https:\/\/zjarr.tv\/sq\/wp-json\/wp\/v2\/tags?post=238595"}],"curies":[{"name":"wp","href":"https:\/\/api.w.org\/{rel}","templated":true}]}}