{"id":238602,"date":"2022-02-22T12:06:59","date_gmt":"2022-02-22T11:06:59","guid":{"rendered":"https:\/\/zjarr.tv\/?p=238602"},"modified":"2022-02-22T12:06:59","modified_gmt":"2022-02-22T11:06:59","slug":"do-terhiqet-nese-basha-dhe-kandidatet-e-tij-do-marrin-me-shume-vota-ne-6-mars-pergjigjet-ish-kryeministri-sali-berisha","status":"publish","type":"post","link":"https:\/\/zjarr.tv\/sq\/do-terhiqet-nese-basha-dhe-kandidatet-e-tij-do-marrin-me-shume-vota-ne-6-mars-pergjigjet-ish-kryeministri-sali-berisha\/","title":{"rendered":"Do t\u00ebrhiqet n\u00ebse Basha dhe kandidat\u00ebt e tij do marrin m\u00eb shum\u00eb vota n\u00eb 6 mars? P\u00ebrgjigjet ish kryeministri Sali Berisha"},"content":{"rendered":"<p>Ish kryeministri Sali Berisha \u00ebsht\u00eb pyetur n\u00ebse do t\u00eb t\u00ebrhiqej nga l\u00ebvizja e nd\u00ebrmarr\u00eb n\u00ebse kryedemokrati Lulzim Basha dhe kandidat\u00ebt e tij do t\u00eb merrnin m\u00eb shum\u00eb vota se \u201cSht\u00ebpia e Liris\u00eb\u201d n\u00eb zgjedhjet e pjesshme lokale t\u00eb 6 marsit.<\/p>\n<p>Berisha tha se t\u00ebrheqja e tij nuk e ndalonte l\u00ebvizjen kund\u00ebr Bash\u00ebs. Nd\u00ebrsa shtoi se nuk kishte asnj\u00eb mund\u00ebsi t\u00eb ndodhte ky lloj skenari sepse sipas tij Basha nuk do votohej as nga bashk\u00ebpun\u00ebtor\u00ebt m\u00eb t\u00eb ngusht\u00eb.<\/p>\n<p>Pyetje: N\u00ebse Basha dhe kandidat\u00ebt e tij marrin m\u00eb shum\u00eb vota, a \u00ebsht\u00eb i gatsh\u00ebm Berisha t\u00eb t\u00ebrhiqet?<\/p>\n<p>Berisha: Nuk \u00ebsht\u00eb problem i t\u00ebrheqjes apo mos-t\u00ebrheqjes time. Nuk e ka n\u00eb dor\u00eb Sali Berisha. Rikthimi nuk ndodh se e dua un\u00eb apo ti, por ndodh n\u00eb nj\u00eb kompleks rrethanash. A do ndikojn\u00eb k\u00ebto zgjedhje n\u00eb revolucion? Po dhe do i japin nj\u00eb shtys\u00eb.<\/p>\n<p>Pyetje: N\u00ebse an\u00ebtar\u00ebsia e PD-s\u00eb i jep m\u00eb shum\u00eb vota Bash\u00ebs?<\/p>\n<p>Berisha: Kjo ndodh kur rrethi t\u00eb b\u00ebhet katror. At\u00eb nuk e votojn\u00eb as bashk\u00ebpun\u00ebtor\u00ebt e tij t\u00eb ngusht\u00eb se u ka ardhur n\u00eb maj\u00eb t\u00eb hund\u00ebs.<\/p>\n","protected":false},"excerpt":{"rendered":"<p>Ish kryeministri Sali Berisha \u00ebsht\u00eb pyetur n\u00ebse do t\u00eb t\u00ebrhiqej nga l\u00ebvizja e nd\u00ebrmarr\u00eb n\u00ebse kryedemokrati Lulzim Basha dhe kandidat\u00ebt e tij do t\u00eb merrnin m\u00eb shum\u00eb vota se \u201cSht\u00ebpia e Liris\u00eb\u201d n\u00eb zgjedhjet e pjesshme lokale t\u00eb 6 marsit. Berisha tha se t\u00ebrheqja e tij nuk e ndalonte l\u00ebvizjen kund\u00ebr Bash\u00ebs. Nd\u00ebrsa shtoi se [&hellip;]<\/p>\n","protected":false},"author":2020,"featured_media":187840,"comment_status":"closed","ping_status":"closed","sticky":false,"template":"","format":"standard","meta":{"footnotes":""},"categories":[241,5380,231],"tags":[],"class_list":{"0":"post-238602","1":"post","2":"type-post","3":"status-publish","4":"format-standard","5":"has-post-thumbnail","7":"category-aktualitet","8":"category-kryesore","9":"category-lajme"},"_links":{"self":[{"href":"https:\/\/zjarr.tv\/sq\/wp-json\/wp\/v2\/posts\/238602","targetHints":{"allow":["GET"]}}],"collection":[{"href":"https:\/\/zjarr.tv\/sq\/wp-json\/wp\/v2\/posts"}],"about":[{"href":"https:\/\/zjarr.tv\/sq\/wp-json\/wp\/v2\/types\/post"}],"author":[{"embeddable":true,"href":"https:\/\/zjarr.tv\/sq\/wp-json\/wp\/v2\/users\/2020"}],"replies":[{"embeddable":true,"href":"https:\/\/zjarr.tv\/sq\/wp-json\/wp\/v2\/comments?post=238602"}],"version-history":[{"count":0,"href":"https:\/\/zjarr.tv\/sq\/wp-json\/wp\/v2\/posts\/238602\/revisions"}],"wp:featuredmedia":[{"embeddable":true,"href":"https:\/\/zjarr.tv\/sq\/wp-json\/wp\/v2\/media\/187840"}],"wp:attachment":[{"href":"https:\/\/zjarr.tv\/sq\/wp-json\/wp\/v2\/media?parent=238602"}],"wp:term":[{"taxonomy":"category","embeddable":true,"href":"https:\/\/zjarr.tv\/sq\/wp-json\/wp\/v2\/categories?post=238602"},{"taxonomy":"post_tag","embeddable":true,"href":"https:\/\/zjarr.tv\/sq\/wp-json\/wp\/v2\/tags?post=238602"}],"curies":[{"name":"wp","href":"https:\/\/api.w.org\/{rel}","templated":true}]}}