{"id":238715,"date":"2022-02-22T15:02:03","date_gmt":"2022-02-22T14:02:03","guid":{"rendered":"https:\/\/zjarr.tv\/?p=238715"},"modified":"2022-02-22T15:02:03","modified_gmt":"2022-02-22T14:02:03","slug":"pd-nxjerr-dokumentet-ja-dy-ministrat-e-rames-qe-kane-udhetuar-bashke-me-klodian-zoton-dhe-mirel-mertirin-e-inceneratoreve","status":"publish","type":"post","link":"https:\/\/zjarr.tv\/sq\/pd-nxjerr-dokumentet-ja-dy-ministrat-e-rames-qe-kane-udhetuar-bashke-me-klodian-zoton-dhe-mirel-mertirin-e-inceneratoreve\/","title":{"rendered":"PD nxjerr dokumentet: Ja dy ministrat e Ram\u00ebs q\u00eb kan\u00eb udh\u00ebtuar bashk\u00eb me Klodian Zoton dhe Mirel M\u00ebrtirin e incenerator\u00ebve"},"content":{"rendered":"<p>Partia Demokratike ka b\u00ebr\u00eb sot nj\u00eb denoncim, ku pretendon se dy ministrat e qeveris\u00eb Rama, n\u00eb koh\u00eb t\u00eb ndryshme kan\u00eb b\u00ebr\u00eb udh\u00ebtime m\u00eb Mirel M\u00ebrtirin dhe Klodian Zoton, t\u00eb shpallur n\u00eb k\u00ebrkim p\u00ebr afer\u00ebn e incenerator\u00ebve.<\/p>\n<p>K\u00ebshilltari ligjor i PD, Marash Logu ka nxjerr\u00eb dy dokumente q\u00eb sipas tij tregojn\u00eb hyrjet dhe daljet q\u00eb Arben Ahmetaj dhe Damian Gjiknuri kan\u00eb b\u00ebr\u00eb bashk\u00eb me M\u00ebrtirin dhe Zoton.<\/p>\n<p>Logu i b\u00ebn thirrje SPAK t\u00eb marr\u00eb n\u00eb pyetje Ametajn dhe Gjiknurin. \u00cbsht\u00eb e paqart\u00eb se p\u00ebr \u00e7far\u00eb dokumentesh b\u00ebhet fjal\u00eb, pasi materiali i publikuar nga PD duket se \u00ebsht\u00eb nxjerr\u00eb nga nj\u00eb celular.<\/p>\n<p>UDH\u00cbTIMET 430 MILION\u00cb EURO T\u00cb ISH-MINISTRAVE AHMETAJ DHE GJIKNURI<\/p>\n<p>Nga 27 janari 2012 deri m\u00eb 16 tetor 2019, Arben Ahmetaj ka udh\u00ebtuar 12 her\u00eb me dy pronar\u00ebt e kompanive t\u00eb incenerator\u00ebve Mirel M\u00ebrtiri dhe Klodian Zoto (shih fotot 1&amp;2).<\/p>\n<p>Nga 27 janari 2012 deri m\u00eb 23 korrik 2019, Damian Gjinkuri ka udh\u00ebtuar 6 her\u00eb me dy pronar\u00ebt e kompanive t\u00eb incenerator\u00ebve Mirel M\u00ebrtiri dhe Klodian Zoto (shih foton 3).<\/p>\n<p>Mirel M\u00ebrtiri dhe Klodian Zoto jan\u00eb sot n\u00eb k\u00ebrkim nd\u00ebrkomb\u00ebtar p\u00ebr korrupsion aktiv, pastrim t\u00eb produkteve t\u00eb vepr\u00ebs penale, t\u00eb kryera n\u00eb bashk\u00ebpunim, p\u00ebr afer\u00ebn korruptive t\u00eb incenerator\u00ebve. Nd\u00ebrsa, miqt\u00eb e tyre politikan\u00eb, t\u00eb veshur nj\u00ebri me kostumin e z\u00ebv\u00ebnd\u00ebskryeministrit dhe tjetri me at\u00eb t\u00eb sekretarit t\u00eb p\u00ebrgjithsh\u00ebm t\u00eb PS-s\u00eb, vazhdojn\u00eb vjedhjet t\u00eb pashqet\u00ebsuar.<\/p>\n<p>SPAK duhet t\u00eb th\u00ebrras\u00eb nj\u00eb or\u00eb e m\u00eb par\u00eb Arben Ahmetajn dhe Damian Gjiknurin p\u00ebr t\u00eb sqaruar miq\u00ebsin\u00eb e udh\u00ebtimet e tyre me pronar\u00ebt e incenerator\u00ebve. Sepse, ndryshe nga sa thon\u00eb Ahmetaj-Gjiknuri, miq\u00ebsit\u00eb a udh\u00ebtimet e tyre private, iu kan\u00eb kushtuar qytetar\u00ebve shqiptar\u00eb 430 milion\u00eb euro.<\/p>\n","protected":false},"excerpt":{"rendered":"<p>Partia Demokratike ka b\u00ebr\u00eb sot nj\u00eb denoncim, ku pretendon se dy ministrat e qeveris\u00eb Rama, n\u00eb koh\u00eb t\u00eb ndryshme kan\u00eb b\u00ebr\u00eb udh\u00ebtime m\u00eb Mirel M\u00ebrtirin dhe Klodian Zoton, t\u00eb shpallur n\u00eb k\u00ebrkim p\u00ebr afer\u00ebn e incenerator\u00ebve. K\u00ebshilltari ligjor i PD, Marash Logu ka nxjerr\u00eb dy dokumente q\u00eb sipas tij tregojn\u00eb hyrjet dhe daljet q\u00eb Arben [&hellip;]<\/p>\n","protected":false},"author":2020,"featured_media":238716,"comment_status":"closed","ping_status":"closed","sticky":false,"template":"","format":"standard","meta":{"footnotes":""},"categories":[241,5380,231],"tags":[],"class_list":{"0":"post-238715","1":"post","2":"type-post","3":"status-publish","4":"format-standard","5":"has-post-thumbnail","7":"category-aktualitet","8":"category-kryesore","9":"category-lajme"},"_links":{"self":[{"href":"https:\/\/zjarr.tv\/sq\/wp-json\/wp\/v2\/posts\/238715","targetHints":{"allow":["GET"]}}],"collection":[{"href":"https:\/\/zjarr.tv\/sq\/wp-json\/wp\/v2\/posts"}],"about":[{"href":"https:\/\/zjarr.tv\/sq\/wp-json\/wp\/v2\/types\/post"}],"author":[{"embeddable":true,"href":"https:\/\/zjarr.tv\/sq\/wp-json\/wp\/v2\/users\/2020"}],"replies":[{"embeddable":true,"href":"https:\/\/zjarr.tv\/sq\/wp-json\/wp\/v2\/comments?post=238715"}],"version-history":[{"count":0,"href":"https:\/\/zjarr.tv\/sq\/wp-json\/wp\/v2\/posts\/238715\/revisions"}],"wp:featuredmedia":[{"embeddable":true,"href":"https:\/\/zjarr.tv\/sq\/wp-json\/wp\/v2\/media\/238716"}],"wp:attachment":[{"href":"https:\/\/zjarr.tv\/sq\/wp-json\/wp\/v2\/media?parent=238715"}],"wp:term":[{"taxonomy":"category","embeddable":true,"href":"https:\/\/zjarr.tv\/sq\/wp-json\/wp\/v2\/categories?post=238715"},{"taxonomy":"post_tag","embeddable":true,"href":"https:\/\/zjarr.tv\/sq\/wp-json\/wp\/v2\/tags?post=238715"}],"curies":[{"name":"wp","href":"https:\/\/api.w.org\/{rel}","templated":true}]}}