{"id":238788,"date":"2022-02-22T18:44:42","date_gmt":"2022-02-22T17:44:42","guid":{"rendered":"https:\/\/zjarr.tv\/?p=238788"},"modified":"2022-02-22T18:44:42","modified_gmt":"2022-02-22T17:44:42","slug":"andi-bushati-spak-duhet-ti-vinte-prangat-veliajt-per-inceneratorin-e-tiranes","status":"publish","type":"post","link":"https:\/\/zjarr.tv\/sq\/andi-bushati-spak-duhet-ti-vinte-prangat-veliajt-per-inceneratorin-e-tiranes\/","title":{"rendered":"Andi Bushati: SPAK duhet t\u2019i vinte prangat Veliajt p\u00ebr inceneratorin e Tiran\u00ebs"},"content":{"rendered":"<p>SPAK duhet t\u00eb arrestonte Erion Veliajn p\u00ebr shkeljen e b\u00ebr\u00eb prej tij n\u00eb dh\u00ebnien e lejes p\u00ebr inceneratorin e Tiran\u00ebs, vendim q\u00eb duhet ta merrte K\u00ebshilli Bashkiak.<\/p>\n<p>K\u00ebt\u00eb tha gazetari Andi Bushati ne emisioni \u2018Sot\u2019. Ai pranoi se kishte shk\u00ebmbyer mesazhe me gazetaren Desada Metaj gjat\u00eb seanc\u00ebs s\u00eb komisionit n\u00eb koh\u00ebn kur d\u00ebshmonte kryebashkiaku Erion Veliaj, por k\u00ebt\u00eb e kishte b\u00ebr\u00eb pasi \u2018nuk po kuptonte faktin q\u00eb Veliaj akuzohej p\u00ebr nj\u00eb dokument dhe fliste p\u00ebr tjet\u00ebr gj\u00eb.<\/p>\n<p>Veliaj sipas tij, ka shkelur ligjin pasi ka firmosur p\u00ebr di\u00e7ka q\u00eb nuk ka tag\u00ebr dhe q\u00eb ka g\u00ebnjyer n\u00ebn betim para nj\u00eb komisioni hetimor.<\/p>\n<p>\u201cErioni me fotografin e vet personal tregon se p\u00ebrgjon mesazhet e dynjas\u00eb. Prodhohet ky lajm p\u00ebr t\u00eb fshehur t\u00eb v\u00ebrtet\u00ebn q\u00eb sot n\u00ebse do kishim nj\u00eb SPAK do kishte shkuar n\u00eb sall\u00eb t\u2019i vinte prangat Veliajt, se ka shkelur ligjin; ka dh\u00ebn\u00eb p\u00ebr 30 vjet, 90 mln euro p\u00ebr di\u00e7ka q\u00eb s\u2019e ka tag\u00ebr ai po k\u00ebshilli bashkiak dhe s\u00eb dyti, g\u00ebnjeu n\u00eb nj\u00eb komision hetimor. Q\u00eb k\u00ebto dy gj\u00ebra t\u00eb zvog\u00eblohen b\u00ebn sherr me PD dhe gazetar\u00ebt. Si fabula e Berish\u00ebs me 21 janarin; q\u00eb un\u00eb kam vrar\u00eb 4 veta por fajin e kan\u00eb gazetar\u00ebt se po b\u00ebjn\u00eb grusht shteti\u201d, u shpreh Bushati.\/euronews<\/p>\n","protected":false},"excerpt":{"rendered":"<p>SPAK duhet t\u00eb arrestonte Erion Veliajn p\u00ebr shkeljen e b\u00ebr\u00eb prej tij n\u00eb dh\u00ebnien e lejes p\u00ebr inceneratorin e Tiran\u00ebs, vendim q\u00eb duhet ta merrte K\u00ebshilli Bashkiak. K\u00ebt\u00eb tha gazetari Andi Bushati ne emisioni \u2018Sot\u2019. Ai pranoi se kishte shk\u00ebmbyer mesazhe me gazetaren Desada Metaj gjat\u00eb seanc\u00ebs s\u00eb komisionit n\u00eb koh\u00ebn kur d\u00ebshmonte kryebashkiaku Erion [&hellip;]<\/p>\n","protected":false},"author":2030,"featured_media":182642,"comment_status":"closed","ping_status":"closed","sticky":false,"template":"","format":"standard","meta":{"footnotes":""},"categories":[241,3366,5380,231,1454],"tags":[],"class_list":{"0":"post-238788","1":"post","2":"type-post","3":"status-publish","4":"format-standard","5":"has-post-thumbnail","7":"category-aktualitet","8":"category-koment","9":"category-kryesore","10":"category-lajme","11":"category-politike"},"_links":{"self":[{"href":"https:\/\/zjarr.tv\/sq\/wp-json\/wp\/v2\/posts\/238788","targetHints":{"allow":["GET"]}}],"collection":[{"href":"https:\/\/zjarr.tv\/sq\/wp-json\/wp\/v2\/posts"}],"about":[{"href":"https:\/\/zjarr.tv\/sq\/wp-json\/wp\/v2\/types\/post"}],"author":[{"embeddable":true,"href":"https:\/\/zjarr.tv\/sq\/wp-json\/wp\/v2\/users\/2030"}],"replies":[{"embeddable":true,"href":"https:\/\/zjarr.tv\/sq\/wp-json\/wp\/v2\/comments?post=238788"}],"version-history":[{"count":0,"href":"https:\/\/zjarr.tv\/sq\/wp-json\/wp\/v2\/posts\/238788\/revisions"}],"wp:featuredmedia":[{"embeddable":true,"href":"https:\/\/zjarr.tv\/sq\/wp-json\/wp\/v2\/media\/182642"}],"wp:attachment":[{"href":"https:\/\/zjarr.tv\/sq\/wp-json\/wp\/v2\/media?parent=238788"}],"wp:term":[{"taxonomy":"category","embeddable":true,"href":"https:\/\/zjarr.tv\/sq\/wp-json\/wp\/v2\/categories?post=238788"},{"taxonomy":"post_tag","embeddable":true,"href":"https:\/\/zjarr.tv\/sq\/wp-json\/wp\/v2\/tags?post=238788"}],"curies":[{"name":"wp","href":"https:\/\/api.w.org\/{rel}","templated":true}]}}