{"id":238842,"date":"2022-02-23T08:11:44","date_gmt":"2022-02-23T07:11:44","guid":{"rendered":"https:\/\/zjarr.tv\/?p=238842"},"modified":"2022-02-23T08:11:44","modified_gmt":"2022-02-23T07:11:44","slug":"blinken-anulon-takimin-me-lavrov-ska-kuptim-shenjat-tregojne-qe-sduan-rruge-diplomatike","status":"publish","type":"post","link":"https:\/\/zjarr.tv\/sq\/blinken-anulon-takimin-me-lavrov-ska-kuptim-shenjat-tregojne-qe-sduan-rruge-diplomatike\/","title":{"rendered":"Blinken anulon takimin me Lavrov: S\u2019ka kuptim, shenjat tregojn\u00eb q\u00eb s\u2019duan rrug\u00eb diplomatike"},"content":{"rendered":"<p>Sekretari amerikan i Shtetit Antony Blinken ka anuluar takimin q\u00eb kishte planifikuar p\u00ebr nes\u00ebr me Ministrin e Jasht\u00ebm rus Sergey Lavrov n\u00eb Gjenev\u00eb.<\/p>\n<p>Ai deklaroi se ky takim \u00ebsht\u00eb anuluar pasi shenjat e fundit tregojn\u00eb se rrug\u00ebt diplomatike me Rusin\u00eb mbi Ukrain\u00ebn po mbyllen.<\/p>\n<p>\u201cTani q\u00eb shohim se pushtimi po fillon dhe Rusia e ka b\u00ebr\u00eb t\u00eb qart\u00eb refuzimin e saj t\u00eb plot\u00eb t\u00eb diplomacis\u00eb, nuk ka kuptim t\u00eb vazhdohet me at\u00eb takim n\u00eb k\u00ebt\u00eb moment. Un\u00eb u konsultova me aleat\u00ebt dhe partner\u00ebt tan\u00eb dhe t\u00eb gjith\u00eb pajtohen me k\u00ebt\u00eb mendim,\u201d tha Blinken n\u00eb Departamentin e Shtetit.<\/p>\n<p>Njoftimi i Blinken vjen dy dit\u00eb pasi presidenti rus Vladimir Putin njohu dy rajone separatiste n\u00eb Ukrain\u00eb si t\u00eb pavarura dhe njoftoi se do t\u00eb vendoste forca \u201cpaqeruajt\u00ebse\u201d atje. Presidenti i SHBA Joe Biden dhe zyrtar\u00eb t\u00eb lart\u00eb amerikan\u00eb than\u00eb t\u00eb mart\u00ebn se l\u00ebvizjet e Putinit sh\u00ebnuan fillimin e nj\u00eb pushtimi t\u00eb ri rus t\u00eb Ukrain\u00ebs dhe Biden njoftoi nj\u00eb k\u00ebst t\u00eb par\u00eb t\u00eb sanksioneve n\u00eb p\u00ebrgjigje.<\/p>\n","protected":false},"excerpt":{"rendered":"<p>Sekretari amerikan i Shtetit Antony Blinken ka anuluar takimin q\u00eb kishte planifikuar p\u00ebr nes\u00ebr me Ministrin e Jasht\u00ebm rus Sergey Lavrov n\u00eb Gjenev\u00eb. Ai deklaroi se ky takim \u00ebsht\u00eb anuluar pasi shenjat e fundit tregojn\u00eb se rrug\u00ebt diplomatike me Rusin\u00eb mbi Ukrain\u00ebn po mbyllen. \u201cTani q\u00eb shohim se pushtimi po fillon dhe Rusia e ka [&hellip;]<\/p>\n","protected":false},"author":2031,"featured_media":187433,"comment_status":"closed","ping_status":"closed","sticky":false,"template":"","format":"standard","meta":{"footnotes":""},"categories":[231],"tags":[],"class_list":{"0":"post-238842","1":"post","2":"type-post","3":"status-publish","4":"format-standard","5":"has-post-thumbnail","7":"category-lajme"},"_links":{"self":[{"href":"https:\/\/zjarr.tv\/sq\/wp-json\/wp\/v2\/posts\/238842","targetHints":{"allow":["GET"]}}],"collection":[{"href":"https:\/\/zjarr.tv\/sq\/wp-json\/wp\/v2\/posts"}],"about":[{"href":"https:\/\/zjarr.tv\/sq\/wp-json\/wp\/v2\/types\/post"}],"author":[{"embeddable":true,"href":"https:\/\/zjarr.tv\/sq\/wp-json\/wp\/v2\/users\/2031"}],"replies":[{"embeddable":true,"href":"https:\/\/zjarr.tv\/sq\/wp-json\/wp\/v2\/comments?post=238842"}],"version-history":[{"count":0,"href":"https:\/\/zjarr.tv\/sq\/wp-json\/wp\/v2\/posts\/238842\/revisions"}],"wp:featuredmedia":[{"embeddable":true,"href":"https:\/\/zjarr.tv\/sq\/wp-json\/wp\/v2\/media\/187433"}],"wp:attachment":[{"href":"https:\/\/zjarr.tv\/sq\/wp-json\/wp\/v2\/media?parent=238842"}],"wp:term":[{"taxonomy":"category","embeddable":true,"href":"https:\/\/zjarr.tv\/sq\/wp-json\/wp\/v2\/categories?post=238842"},{"taxonomy":"post_tag","embeddable":true,"href":"https:\/\/zjarr.tv\/sq\/wp-json\/wp\/v2\/tags?post=238842"}],"curies":[{"name":"wp","href":"https:\/\/api.w.org\/{rel}","templated":true}]}}