{"id":239119,"date":"2022-02-23T18:54:23","date_gmt":"2022-02-23T17:54:23","guid":{"rendered":"https:\/\/zjarr.tv\/?p=239119"},"modified":"2022-02-23T18:54:23","modified_gmt":"2022-02-23T17:54:23","slug":"kreshnik-spahiu-hedh-poshte-komisionin-hetimor-per-inceneratoret-eshte-i-paligjshem-vetem-dy-politikane-dalin-te-fituar-nga-kjo-gje","status":"publish","type":"post","link":"https:\/\/zjarr.tv\/sq\/kreshnik-spahiu-hedh-poshte-komisionin-hetimor-per-inceneratoret-eshte-i-paligjshem-vetem-dy-politikane-dalin-te-fituar-nga-kjo-gje\/","title":{"rendered":"Kreshnik Spahiu hedh posht\u00eb Komisionin Hetimor p\u00ebr Incenerator\u00ebt: \u00cbsht\u00eb i paligjsh\u00ebm, vet\u00ebm dy politikan\u00eb dalin t\u00eb fituar nga kjo gj\u00eb"},"content":{"rendered":"<p>Prej m\u00eb shum\u00eb se 4 or\u00ebsh kryeministri Edi Rama po d\u00ebshmon n\u00eb komisionin hetimor p\u00ebr Incenerator\u00ebt. Seanca \u00ebsht\u00eb shoq\u00ebruar me debate t\u00eb shumta mes Ram\u00ebs dhe kryetares s\u00eb k\u00ebtij komisioni Jorida Tabaku.<\/p>\n<p>Rama i ka mbrojtur t\u00eb tre veprat duke th\u00ebn\u00eb se ato jan\u00eb n\u00eb t\u00eb mir\u00eb t\u00eb interesit publik. Juristi Kreshnik Spahiu tha n\u00eb Top Talk se ky komision \u00ebsht\u00eb i paligjsh\u00ebm pasi \u00ebsht\u00eb nj\u00eb dosje t\u00eb cil\u00ebn mund ta hetoj\u00eb vet\u00ebm SPAK.<\/p>\n<p>Kreshnik Spahiu: Un\u00eb si nj\u00eb ekspert i t\u00eb drejt\u00ebs penale do t\u00eb gjykoja q\u00eb ky komision \u00ebsht\u00eb i kund\u00ebrligjsh\u00ebm q\u00eb do t\u00eb thot\u00eb p\u00ebr \u00e7do \u00e7\u00ebshtje organi ka nisur procedim penal \u00e7do gjykim tjet\u00ebr administrativ, politik, civil duhet t\u00eb pezullohen. Nuk mund t\u00eb ket\u00eb asnj\u00eb mbivendosje mbi hetimin penal.<\/p>\n<p>Mendoj q\u00eb nj\u00eb hetim penal me nj\u00eb debat politik e d\u00ebmton SPAK dhe organin e prokuroris\u00eb n\u00eb lidhje me hetimin dhe zbardhjen e \u00e7\u00ebshtjes. Kemi rastin e par\u00eb kur prokuroria heton me nj\u00eb mas\u00eb sigurie arrest . V\u00ebrtet\u00eb Saimir Tahiri u d\u00ebnua por tre vjet ka qen\u00eb hetuar i lir\u00eb, nd\u00ebrsa Lefter Koka ish-ministri \u00ebsht\u00eb hetuar n\u00ebn arrest. Pra ka nj\u00eb vullnet t\u00eb plot\u00eb t\u00eb organit t\u00eb akuz\u00ebs p\u00ebr t\u00eb hetuar an\u00ebtar\u00ebt e qeveris\u00eb. At\u00ebher\u00eb p\u00ebr \u00e7far\u00eb sh\u00ebrben nga ana tjet\u00ebr ky komision? Ky komision e pengon hetimin e prokuroris\u00eb. S\u00eb dyti mund t\u00eb d\u00ebmtoje provat gjat\u00eb rrug\u00ebs s\u00eb debatit politik. S\u00eb treti i p\u00ebrgatit pal\u00ebt dhe t\u00eb dyshuarit p\u00ebr akuzat e organit procedues. S\u00eb kat\u00ebrti un\u00eb kam dyshimet e mia q\u00eb kemi t\u00eb b\u00ebjm\u00eb me nj\u00eb marr\u00ebveshje t\u00eb heshtur politike.<\/p>\n<p>P\u00ebr t\u00eb krijuar nj\u00eb lloj sho\u00eb politik?<\/p>\n<p>Kreshnik Spahiu: Un\u00eb mendoj q\u00eb ata q\u00eb fitojn\u00eb k\u00ebtu jan\u00eb Edi Rama dhe Lulzim Basha, PS dhe PD e mbetur . Mendoj q\u00eb n\u00eb koh\u00eb afatshkurt\u00ebr kryeministri po humbet kjo \u00ebsht\u00eb nj\u00eb kosto q\u00eb ai merr, po afatgjat\u00eb ai fiton . S\u00eb pari \u00ebsht\u00eb nj\u00eb skem\u00eb politike sepse Lulzim Basha dhe partia e tij e mbetur me pak njer\u00ebz po faktorizohet, po merr nj\u00eb kauz\u00eb q\u00eb nuk \u00ebsht\u00eb e saj . Kam dhe disa rezerva n\u00eb lidhje me komisionin e sot\u00ebm, gjysma e PD jan\u00eb jurist\u00eb, dhe Basha ka vendosur nj\u00eb njeri q\u00eb s\u2019ka dijeni p\u00ebr k\u00ebt\u00eb gj\u00eb , pra Tabakun, binte mediokriteti i saj n\u00eb sy tej mase, sikur t\u00eb ishte parukiere. Sot pyetjet ishin n\u00eb nj\u00eb nivel jo profesional, kjo nuk \u00ebsht\u00eb hetim dhe as bised\u00eb gazetar\u00ebsh investigativ\u00eb. K\u00ebta i d\u00ebgjon m\u00eb k\u00ebnaq\u00ebsi se flasin me prova e fakte<\/p>\n","protected":false},"excerpt":{"rendered":"<p>Prej m\u00eb shum\u00eb se 4 or\u00ebsh kryeministri Edi Rama po d\u00ebshmon n\u00eb komisionin hetimor p\u00ebr Incenerator\u00ebt. Seanca \u00ebsht\u00eb shoq\u00ebruar me debate t\u00eb shumta mes Ram\u00ebs dhe kryetares s\u00eb k\u00ebtij komisioni Jorida Tabaku. Rama i ka mbrojtur t\u00eb tre veprat duke th\u00ebn\u00eb se ato jan\u00eb n\u00eb t\u00eb mir\u00eb t\u00eb interesit publik. Juristi Kreshnik Spahiu tha n\u00eb [&hellip;]<\/p>\n","protected":false},"author":2030,"featured_media":182499,"comment_status":"closed","ping_status":"closed","sticky":false,"template":"","format":"standard","meta":{"footnotes":""},"categories":[241,3366,5380,231],"tags":[],"class_list":{"0":"post-239119","1":"post","2":"type-post","3":"status-publish","4":"format-standard","5":"has-post-thumbnail","7":"category-aktualitet","8":"category-koment","9":"category-kryesore","10":"category-lajme"},"_links":{"self":[{"href":"https:\/\/zjarr.tv\/sq\/wp-json\/wp\/v2\/posts\/239119","targetHints":{"allow":["GET"]}}],"collection":[{"href":"https:\/\/zjarr.tv\/sq\/wp-json\/wp\/v2\/posts"}],"about":[{"href":"https:\/\/zjarr.tv\/sq\/wp-json\/wp\/v2\/types\/post"}],"author":[{"embeddable":true,"href":"https:\/\/zjarr.tv\/sq\/wp-json\/wp\/v2\/users\/2030"}],"replies":[{"embeddable":true,"href":"https:\/\/zjarr.tv\/sq\/wp-json\/wp\/v2\/comments?post=239119"}],"version-history":[{"count":0,"href":"https:\/\/zjarr.tv\/sq\/wp-json\/wp\/v2\/posts\/239119\/revisions"}],"wp:featuredmedia":[{"embeddable":true,"href":"https:\/\/zjarr.tv\/sq\/wp-json\/wp\/v2\/media\/182499"}],"wp:attachment":[{"href":"https:\/\/zjarr.tv\/sq\/wp-json\/wp\/v2\/media?parent=239119"}],"wp:term":[{"taxonomy":"category","embeddable":true,"href":"https:\/\/zjarr.tv\/sq\/wp-json\/wp\/v2\/categories?post=239119"},{"taxonomy":"post_tag","embeddable":true,"href":"https:\/\/zjarr.tv\/sq\/wp-json\/wp\/v2\/tags?post=239119"}],"curies":[{"name":"wp","href":"https:\/\/api.w.org\/{rel}","templated":true}]}}