{"id":239248,"date":"2022-02-24T14:45:10","date_gmt":"2022-02-24T13:45:10","guid":{"rendered":"https:\/\/zjarr.tv\/?p=239248"},"modified":"2022-02-24T14:45:10","modified_gmt":"2022-02-24T13:45:10","slug":"socialistet-sako-dhe-klosi-paraqesin-projektet-ne-lagjet-8-dhe-18-ne-durres","status":"publish","type":"post","link":"https:\/\/zjarr.tv\/sq\/socialistet-sako-dhe-klosi-paraqesin-projektet-ne-lagjet-8-dhe-18-ne-durres\/","title":{"rendered":"Socialist\u00ebt Sako dhe Klosi paraqesin projektet n\u00eb lagjet 8 dhe 18 n\u00eb Durr\u00ebs"},"content":{"rendered":"<p>Brenda vitit fillon puna p\u00ebr disa investime t\u00eb r\u00ebnd\u00ebsishme n\u00eb lagjen 18 n\u00eb Durr\u00ebs. K\u00ebshtu ka deklaruar kryebashkiakja e Durr\u00ebsit dhe nj\u00ebkoh\u00ebsisht kandidate e PS Emiriana Sako n\u00eb takimin e zhvilluar me banor\u00ebt e k\u00ebtyre lagjeve. N\u00eb k\u00ebt\u00eb takim kryebashkiakja Sako shoq\u00ebrohej nga drejtues politik\u00eb dhe deputet\u00eb t\u00eb Partis\u00eb Socialiste. Duke u ndalur te projektet, Sako deklaroi se, do t\u00eb rikonstruktohen fasadat e pallateve dhe veshja e tyre me kapot\u00eb, duke synuar eficenc\u00ebn e energjis\u00eb, rivitalizimi i kuartalleve midis pallateve, ndri\u00e7imi, gjelb\u00ebrimi dhe nd\u00ebrtimi i k\u00ebndeve t\u00eb loj\u00ebrave p\u00ebr f\u00ebmij\u00ebt.<\/p>\n<p>Un\u00eb vij k\u00ebtu si nj\u00ebra prej jush, jam grua dhe n\u00ebn\u00eb q\u00eb rris f\u00ebmij\u00ebt e mi n\u00eb k\u00ebt\u00eb qytet, t\u00eb cilin t\u00eb gjith\u00eb e duam akoma m\u00eb t\u00eb mir\u00eb e m\u00eb t\u00eb bukur. N\u00eb fakt n\u00eb k\u00ebto dy vitet e fundit m\u00eb shum\u00eb jemi fokusuar tek rind\u00ebrtimi. Pasojat e t\u00ebrmetit ishin t\u00eb m\u00ebdha, edhe lagjja juaj ka p\u00ebsuar d\u00ebme. Kur flasim p\u00ebr rind\u00ebrtimin flasim p\u00ebr nj\u00eb program t\u00eb suksesssh\u00ebm, pasi \u00ebsht\u00eb b\u00ebr\u00eb pun\u00eb e madhe. Kemi nd\u00ebrhyr\u00eb n\u00eb 405 pallate q\u00eb kemi rikonstruktuar ambientet e p\u00ebrbashk\u00ebta dhe pas nj\u00eb muaji nis puna edhe n\u00eb 180 pallate t\u00eb tjer\u00eb.<\/p>\n<p>Sekretari organizativ i PSSH Blendi Klosi n\u00eb fjal\u00ebn e tij tha se projektet madhore po e transformojn\u00eb qytetin e Durr\u00ebsit duke e kthyer at\u00eb n\u00eb qytetin me potencialin m\u00eb t\u00eb madh ekonomik e turistik t\u00eb vendit.<\/p>\n","protected":false},"excerpt":{"rendered":"<p>Brenda vitit fillon puna p\u00ebr disa investime t\u00eb r\u00ebnd\u00ebsishme n\u00eb lagjen 18 n\u00eb Durr\u00ebs. K\u00ebshtu ka deklaruar kryebashkiakja e Durr\u00ebsit dhe nj\u00ebkoh\u00ebsisht kandidate e PS Emiriana Sako n\u00eb takimin e zhvilluar me banor\u00ebt e k\u00ebtyre lagjeve. N\u00eb k\u00ebt\u00eb takim kryebashkiakja Sako shoq\u00ebrohej nga drejtues politik\u00eb dhe deputet\u00eb t\u00eb Partis\u00eb Socialiste. Duke u ndalur te projektet, [&hellip;]<\/p>\n","protected":false},"author":2020,"featured_media":239250,"comment_status":"closed","ping_status":"closed","sticky":false,"template":"","format":"standard","meta":{"footnotes":""},"categories":[241,5380,231],"tags":[],"class_list":{"0":"post-239248","1":"post","2":"type-post","3":"status-publish","4":"format-standard","5":"has-post-thumbnail","7":"category-aktualitet","8":"category-kryesore","9":"category-lajme"},"_links":{"self":[{"href":"https:\/\/zjarr.tv\/sq\/wp-json\/wp\/v2\/posts\/239248","targetHints":{"allow":["GET"]}}],"collection":[{"href":"https:\/\/zjarr.tv\/sq\/wp-json\/wp\/v2\/posts"}],"about":[{"href":"https:\/\/zjarr.tv\/sq\/wp-json\/wp\/v2\/types\/post"}],"author":[{"embeddable":true,"href":"https:\/\/zjarr.tv\/sq\/wp-json\/wp\/v2\/users\/2020"}],"replies":[{"embeddable":true,"href":"https:\/\/zjarr.tv\/sq\/wp-json\/wp\/v2\/comments?post=239248"}],"version-history":[{"count":0,"href":"https:\/\/zjarr.tv\/sq\/wp-json\/wp\/v2\/posts\/239248\/revisions"}],"wp:featuredmedia":[{"embeddable":true,"href":"https:\/\/zjarr.tv\/sq\/wp-json\/wp\/v2\/media\/239250"}],"wp:attachment":[{"href":"https:\/\/zjarr.tv\/sq\/wp-json\/wp\/v2\/media?parent=239248"}],"wp:term":[{"taxonomy":"category","embeddable":true,"href":"https:\/\/zjarr.tv\/sq\/wp-json\/wp\/v2\/categories?post=239248"},{"taxonomy":"post_tag","embeddable":true,"href":"https:\/\/zjarr.tv\/sq\/wp-json\/wp\/v2\/tags?post=239248"}],"curies":[{"name":"wp","href":"https:\/\/api.w.org\/{rel}","templated":true}]}}