{"id":240111,"date":"2022-02-28T02:46:30","date_gmt":"2022-02-28T01:46:30","guid":{"rendered":"https:\/\/zjarr.tv\/?p=240111"},"modified":"2022-02-28T02:46:30","modified_gmt":"2022-02-28T01:46:30","slug":"shqiperia-sanksione-rusise-abazi-open-balkan-ben-shumicen-e-tyre-te-pazbatueshme","status":"publish","type":"post","link":"https:\/\/zjarr.tv\/sq\/shqiperia-sanksione-rusise-abazi-open-balkan-ben-shumicen-e-tyre-te-pazbatueshme\/","title":{"rendered":"Shqip\u00ebria sanksione Rusis\u00eb, Abazi: \u2018Open Balkan\u2019 b\u00ebn shumic\u00ebn e tyre t\u00eb pazbatueshme"},"content":{"rendered":"<p>Boiken Abazi nga L\u00ebvizja Vet\u00ebvendosje ka reaguar, pasi Olta Xha\u00e7ka ka th\u00ebn\u00eb se Shqip\u00ebria do t\u00eb vendos\u00eb sanksione ndaj Rusis\u00eb.<\/p>\n<p>Abazi thekson se Open Balkan b\u00ebn q\u00eb shumica e sanksioneve t\u00eb jen\u00eb t\u00eb pazbatueshme.<\/p>\n<p>Postimi i Bojken Abazit:<\/p>\n<p>D\u00ebshtimi i parashikuar i shum\u00eb sanksioneve t\u00eb Shqip\u00ebris\u00eb ndaj Rusis\u00eb<\/p>\n<p>Shqip\u00ebria \u00ebsht\u00eb n\u00eb \u201cOpen Balkan\u201d me Serbin\u00eb, me kat\u00ebr lirit\u00eb e l\u00ebvizjes s\u00eb kapitalit, njer\u00ebzve, mallrave dhe sh\u00ebrbimeve.<\/p>\n<p>Serbia \u00ebsht\u00eb pjes\u00eb e Unionit Ekonomik Euroziatik t\u00eb Rusis\u00eb, me kat\u00ebr lirit\u00eb e l\u00ebvizjes.<\/p>\n<p>Prandaj, nj\u00eb pjes\u00eb e mir\u00eb e sanksioneve t\u00eb Shqip\u00ebris\u00eb ndaj Rusis\u00eb jan\u00eb thjesht t\u00eb pazbatueshme, pa u t\u00ebrhequr Shqip\u00ebria nga \u201cOpen Balkan\u201d dhe pa vendosur sanksione edhe ndaj Serbis\u00eb.<\/p>\n","protected":false},"excerpt":{"rendered":"<p>Boiken Abazi nga L\u00ebvizja Vet\u00ebvendosje ka reaguar, pasi Olta Xha\u00e7ka ka th\u00ebn\u00eb se Shqip\u00ebria do t\u00eb vendos\u00eb sanksione ndaj Rusis\u00eb. Abazi thekson se Open Balkan b\u00ebn q\u00eb shumica e sanksioneve t\u00eb jen\u00eb t\u00eb pazbatueshme. Postimi i Bojken Abazit: D\u00ebshtimi i parashikuar i shum\u00eb sanksioneve t\u00eb Shqip\u00ebris\u00eb ndaj Rusis\u00eb Shqip\u00ebria \u00ebsht\u00eb n\u00eb \u201cOpen Balkan\u201d me Serbin\u00eb, [&hellip;]<\/p>\n","protected":false},"author":2031,"featured_media":240112,"comment_status":"closed","ping_status":"closed","sticky":false,"template":"","format":"standard","meta":{"footnotes":""},"categories":[231],"tags":[],"class_list":{"0":"post-240111","1":"post","2":"type-post","3":"status-publish","4":"format-standard","5":"has-post-thumbnail","7":"category-lajme"},"_links":{"self":[{"href":"https:\/\/zjarr.tv\/sq\/wp-json\/wp\/v2\/posts\/240111","targetHints":{"allow":["GET"]}}],"collection":[{"href":"https:\/\/zjarr.tv\/sq\/wp-json\/wp\/v2\/posts"}],"about":[{"href":"https:\/\/zjarr.tv\/sq\/wp-json\/wp\/v2\/types\/post"}],"author":[{"embeddable":true,"href":"https:\/\/zjarr.tv\/sq\/wp-json\/wp\/v2\/users\/2031"}],"replies":[{"embeddable":true,"href":"https:\/\/zjarr.tv\/sq\/wp-json\/wp\/v2\/comments?post=240111"}],"version-history":[{"count":0,"href":"https:\/\/zjarr.tv\/sq\/wp-json\/wp\/v2\/posts\/240111\/revisions"}],"wp:featuredmedia":[{"embeddable":true,"href":"https:\/\/zjarr.tv\/sq\/wp-json\/wp\/v2\/media\/240112"}],"wp:attachment":[{"href":"https:\/\/zjarr.tv\/sq\/wp-json\/wp\/v2\/media?parent=240111"}],"wp:term":[{"taxonomy":"category","embeddable":true,"href":"https:\/\/zjarr.tv\/sq\/wp-json\/wp\/v2\/categories?post=240111"},{"taxonomy":"post_tag","embeddable":true,"href":"https:\/\/zjarr.tv\/sq\/wp-json\/wp\/v2\/tags?post=240111"}],"curies":[{"name":"wp","href":"https:\/\/api.w.org\/{rel}","templated":true}]}}