{"id":240340,"date":"2022-02-28T21:31:06","date_gmt":"2022-02-28T20:31:06","guid":{"rendered":"https:\/\/zjarr.tv\/?p=240340"},"modified":"2022-02-28T21:31:06","modified_gmt":"2022-02-28T20:31:06","slug":"gjenerali-demiraj-shpjegon-pse-po-deshton-ushtria-ruse-ne-ukraine-ky-do-te-jete-fundi-i-putinit","status":"publish","type":"post","link":"https:\/\/zjarr.tv\/sq\/gjenerali-demiraj-shpjegon-pse-po-deshton-ushtria-ruse-ne-ukraine-ky-do-te-jete-fundi-i-putinit\/","title":{"rendered":"Gjenerali Demiraj shpjegon pse po d\u00ebshton ushtria ruse n\u00eb Ukrain\u00eb: Ky do t\u00eb jet\u00eb fundi i Putinit"},"content":{"rendered":"<p>Ish-gjenerali shqiptar Dritan Demiraj shpjegon disa nga arsyet q\u00eb kan\u00eb \u00e7uar n\u00eb nj\u00eb d\u00ebshtim t\u00eb forcave ruse p\u00ebr t\u00eb kapur objektivat n\u00eb Ukrain\u00eb, n\u00eb 5 dit\u00ebt e fundit q\u00eb prej nisjes s\u00eb sulmit.<\/p>\n<p>Demiraj tha se nj\u00eb aspekt i r\u00ebnd\u00ebsish\u00ebm \u00ebsht\u00eb humbja e narrativ\u00ebs s\u00eb luft\u00ebs nga presidenti rus Vladimir Putin. \u201cUshtar\u00ebve rus\u00eb u \u00ebsht\u00eb th\u00ebn\u00eb se n\u00eb Ukrain\u00eb do ju presin me lule\u201d, tha Demiraj n\u00eb \u201cOpen\u201d.<\/p>\n<p>Sipas tij, n\u00eb aspektin afatgjat\u00eb, Putin do t\u00eb p\u00ebrballet me fundin e tij, nd\u00ebrsa Ukraina do t\u00eb dal\u00eb fituese e k\u00ebsaj lufte n\u00eb 4-5 muajt e ardsh\u00ebm.<\/p>\n<p>\u201cAvancimi ka qen\u00eb i ngadalt\u00eb, hyrja e mjeteve t\u00eb blinduara dhe mb\u00ebshtetja me aviacion ka qen\u00eb shum\u00eb e vog\u00ebl nga ajo q\u00eb kishte planifikuar Putini. Mb\u00ebshtetja dhe sasia e duhur, mb\u00ebshtetja me mjete logjistike, karburant dhe ushqime jan\u00eb vendimtare.<\/p>\n<p>T\u00eb gjitha objektet e shkat\u00ebrruara q\u00eb kemi par\u00eb kan\u00eb qen\u00eb ata q\u00eb kan\u00eb patur p\u00ebr q\u00ebllim kapjen e institucioneve t\u00eb Kievit.<\/p>\n<p>T\u00eb gjith\u00eb ushtar\u00ebve u \u00ebsht\u00eb th\u00ebn\u00eb q\u00eb n\u00eb Ukrain\u00eb ju presin me lule, dhe n\u00eb rastin konkret nj\u00eb nga d\u00ebshtimet kryesore \u00ebsht\u00eb humbja e narativ\u00ebs s\u00eb luft\u00ebs t\u00eb Putinit. Taktika p\u00ebr marrjen e k\u00ebtyre objektivave \u00ebsht\u00eb nj\u00eb d\u00ebshtim deri m\u00eb sot. Goditja dhe kostoja e luft\u00ebs s\u00eb Putinit do jet\u00eb e pap\u00ebrballueshme. Ukraina do e fitoj\u00eb luft\u00ebn n\u00eb 4-5 muajt e ardhsh\u00ebm.<\/p>\n<p>Q\u00eb nga momenti q\u00eb jan\u00eb futur forcat amerikane, elit\u00eb holandeze, q\u00eb kan\u00eb mision goditjen guerrile. Putin ka hyr\u00eb n\u00eb nj\u00eb luft\u00eb q\u00eb nuk del dot m\u00eb. Ky do t\u00eb jet\u00eb fundi i Putinit, n\u00eb aspektin afatgjat\u00eb\u201d, deklaroi Demiraj.<\/p>\n","protected":false},"excerpt":{"rendered":"<p>Ish-gjenerali shqiptar Dritan Demiraj shpjegon disa nga arsyet q\u00eb kan\u00eb \u00e7uar n\u00eb nj\u00eb d\u00ebshtim t\u00eb forcave ruse p\u00ebr t\u00eb kapur objektivat n\u00eb Ukrain\u00eb, n\u00eb 5 dit\u00ebt e fundit q\u00eb prej nisjes s\u00eb sulmit. Demiraj tha se nj\u00eb aspekt i r\u00ebnd\u00ebsish\u00ebm \u00ebsht\u00eb humbja e narrativ\u00ebs s\u00eb luft\u00ebs nga presidenti rus Vladimir Putin. \u201cUshtar\u00ebve rus\u00eb u \u00ebsht\u00eb [&hellip;]<\/p>\n","protected":false},"author":2031,"featured_media":240341,"comment_status":"closed","ping_status":"closed","sticky":false,"template":"","format":"standard","meta":{"footnotes":""},"categories":[231],"tags":[],"class_list":{"0":"post-240340","1":"post","2":"type-post","3":"status-publish","4":"format-standard","5":"has-post-thumbnail","7":"category-lajme"},"_links":{"self":[{"href":"https:\/\/zjarr.tv\/sq\/wp-json\/wp\/v2\/posts\/240340","targetHints":{"allow":["GET"]}}],"collection":[{"href":"https:\/\/zjarr.tv\/sq\/wp-json\/wp\/v2\/posts"}],"about":[{"href":"https:\/\/zjarr.tv\/sq\/wp-json\/wp\/v2\/types\/post"}],"author":[{"embeddable":true,"href":"https:\/\/zjarr.tv\/sq\/wp-json\/wp\/v2\/users\/2031"}],"replies":[{"embeddable":true,"href":"https:\/\/zjarr.tv\/sq\/wp-json\/wp\/v2\/comments?post=240340"}],"version-history":[{"count":0,"href":"https:\/\/zjarr.tv\/sq\/wp-json\/wp\/v2\/posts\/240340\/revisions"}],"wp:featuredmedia":[{"embeddable":true,"href":"https:\/\/zjarr.tv\/sq\/wp-json\/wp\/v2\/media\/240341"}],"wp:attachment":[{"href":"https:\/\/zjarr.tv\/sq\/wp-json\/wp\/v2\/media?parent=240340"}],"wp:term":[{"taxonomy":"category","embeddable":true,"href":"https:\/\/zjarr.tv\/sq\/wp-json\/wp\/v2\/categories?post=240340"},{"taxonomy":"post_tag","embeddable":true,"href":"https:\/\/zjarr.tv\/sq\/wp-json\/wp\/v2\/tags?post=240340"}],"curies":[{"name":"wp","href":"https:\/\/api.w.org\/{rel}","templated":true}]}}