{"id":241874,"date":"2022-03-07T17:55:01","date_gmt":"2022-03-07T16:55:01","guid":{"rendered":"https:\/\/zjarr.tv\/?p=241874"},"modified":"2022-03-07T17:55:01","modified_gmt":"2022-03-07T16:55:01","slug":"humbja-e-zgjedhjeve-le-pa-fjale-deputetet-demokrate-reagon-vetem-salianji-dite-e-tmerrshme-padiskutim","status":"publish","type":"post","link":"https:\/\/zjarr.tv\/sq\/humbja-e-zgjedhjeve-le-pa-fjale-deputetet-demokrate-reagon-vetem-salianji-dite-e-tmerrshme-padiskutim\/","title":{"rendered":"Humbja e zgjedhjeve l\u00eb pa fjal\u00eb deputet\u00ebt demokrat\u00eb, reagon vet\u00ebm Salianji: Dit\u00eb e tmerrshme padiskutim!"},"content":{"rendered":"<p>Humbja e zgjedhjeve t\u00eb 6 Marsit ka l\u00ebn\u00eb pa fjal\u00eb deputet\u00ebt demokrat\u00eb, t\u00eb cil\u00ebt kan\u00eb vendosur t\u00eb mos b\u00ebjn\u00eb asnj\u00eb koment teksa futeshin n\u00eb selin\u00eb e PD, t\u00eb thirrur nga kryedemokrati Basha.<\/p>\n<p>I vetmi q\u00eb theu heshtjen dhe komentoi rezultatin e zgjedhjeve ishte Ervin Salianji, i cili e cil\u00ebsoi dit\u00ebn e djeshme nj\u00eb \u201cdit\u00eb t\u00eb tmerrshme\u201d.<\/p>\n<p>Partia Demokratike p\u00ebsoi humbjen m\u00eb t\u00eb thell\u00eb q\u00eb nga formimi i saj, pasi nuk fitoi asnj\u00eb bashki, nd\u00ebrkoh\u00eb q\u00eb n\u00eb 5 prej tyre doli forc\u00eb e tret\u00eb.<\/p>\n","protected":false},"excerpt":{"rendered":"<p>Humbja e zgjedhjeve t\u00eb 6 Marsit ka l\u00ebn\u00eb pa fjal\u00eb deputet\u00ebt demokrat\u00eb, t\u00eb cil\u00ebt kan\u00eb vendosur t\u00eb mos b\u00ebjn\u00eb asnj\u00eb koment teksa futeshin n\u00eb selin\u00eb e PD, t\u00eb thirrur nga kryedemokrati Basha. I vetmi q\u00eb theu heshtjen dhe komentoi rezultatin e zgjedhjeve ishte Ervin Salianji, i cili e cil\u00ebsoi dit\u00ebn e djeshme nj\u00eb \u201cdit\u00eb t\u00eb [&hellip;]<\/p>\n","protected":false},"author":2030,"featured_media":241875,"comment_status":"closed","ping_status":"closed","sticky":false,"template":"","format":"standard","meta":{"footnotes":""},"categories":[241,3366,5380,231,1454],"tags":[],"class_list":{"0":"post-241874","1":"post","2":"type-post","3":"status-publish","4":"format-standard","5":"has-post-thumbnail","7":"category-aktualitet","8":"category-koment","9":"category-kryesore","10":"category-lajme","11":"category-politike"},"_links":{"self":[{"href":"https:\/\/zjarr.tv\/sq\/wp-json\/wp\/v2\/posts\/241874","targetHints":{"allow":["GET"]}}],"collection":[{"href":"https:\/\/zjarr.tv\/sq\/wp-json\/wp\/v2\/posts"}],"about":[{"href":"https:\/\/zjarr.tv\/sq\/wp-json\/wp\/v2\/types\/post"}],"author":[{"embeddable":true,"href":"https:\/\/zjarr.tv\/sq\/wp-json\/wp\/v2\/users\/2030"}],"replies":[{"embeddable":true,"href":"https:\/\/zjarr.tv\/sq\/wp-json\/wp\/v2\/comments?post=241874"}],"version-history":[{"count":0,"href":"https:\/\/zjarr.tv\/sq\/wp-json\/wp\/v2\/posts\/241874\/revisions"}],"wp:featuredmedia":[{"embeddable":true,"href":"https:\/\/zjarr.tv\/sq\/wp-json\/wp\/v2\/media\/241875"}],"wp:attachment":[{"href":"https:\/\/zjarr.tv\/sq\/wp-json\/wp\/v2\/media?parent=241874"}],"wp:term":[{"taxonomy":"category","embeddable":true,"href":"https:\/\/zjarr.tv\/sq\/wp-json\/wp\/v2\/categories?post=241874"},{"taxonomy":"post_tag","embeddable":true,"href":"https:\/\/zjarr.tv\/sq\/wp-json\/wp\/v2\/tags?post=241874"}],"curies":[{"name":"wp","href":"https:\/\/api.w.org\/{rel}","templated":true}]}}