{"id":241916,"date":"2022-03-07T19:03:51","date_gmt":"2022-03-07T18:03:51","guid":{"rendered":"https:\/\/zjarr.tv\/?p=241916"},"modified":"2022-03-07T19:03:51","modified_gmt":"2022-03-07T18:03:51","slug":"sot-u-percaktua-opozita-reale-nesho-tregon-pse-rama-ka-deshtuar-ne-keto-zgjedhje","status":"publish","type":"post","link":"https:\/\/zjarr.tv\/sq\/sot-u-percaktua-opozita-reale-nesho-tregon-pse-rama-ka-deshtuar-ne-keto-zgjedhje\/","title":{"rendered":"\u201cSot u p\u00ebrcaktua opozita reale\u201d\/ Nesho tregon pse Rama ka d\u00ebshtuar n\u00eb k\u00ebto zgjedhje"},"content":{"rendered":"<p>Diplomati Agim Nesho ka komentuar rezultatet e zgjedhjeve t\u00eb pjesshme t\u00eb 6 marsit p\u00ebr gjasht\u00eb bashki t\u00eb vendit. Sipas diplomatit, Rama \u00ebsht\u00eb humb\u00ebsi m\u00eb i madh dhe se vendi ka fituar opozit\u00ebn reale pavar\u00ebsisht nga presioni i nd\u00ebrkomb\u00ebtar\u00ebve.<\/p>\n<p>\u201cE shoh q\u00eb k\u00ebto zgjedhje plus fakteve q\u00eb koleg\u00ebt po thon\u00eb p\u00ebr zgjedhjet n\u00eb Shkod\u00ebr si duhet t\u00eb funksiononte opozita, por n\u00eb pik\u00ebpamjen makro \u00ebsht\u00eb nj\u00eb humje e Edi Ram\u00ebs.<\/p>\n<p>Ky \u00ebsht\u00eb pushteti i nj\u00eb diktatori i cili ka kapur shtetin dhe numri i ul\u00ebt i votuesve \u00ebsht\u00eb raporti q\u00eb ka populli me pushtein real q\u00eb \u00ebsht\u00eb Edi Rama.<\/p>\n<p>Rama ka d\u00ebshtruar n\u00eb dy aspekte, e para n\u00eb marr\u00ebdh\u00ebniet rajonale sikur ky \u00ebsht\u00eb nj\u00eb stabilizues i Ballkanit, d\u00ebshtoi Open Balkan dhe ky d\u00ebshtoi me at\u00eb q\u00eb pam\u00eb dhe lidhjet e regjimit t\u00eb Vu\u00e7i\u00e7it me Rusin\u00eb dhe kjo \u00ebsht\u00eb humbja e par\u00eb.<\/p>\n<p>Dhe e dyta ka t\u00eb b\u00ebj\u00eb me shtyrjen e nj\u00eb rezolute sot, e cila mesa duket do mbaroj\u00eb konflikti dhe parlamenti shqiptar mos t\u00eb ket\u00eb guximin q\u00eb t\u00eb mos i prishi qejfin Vu\u00e7i\u00e7it.<\/p>\n<p>T\u00eb gjitha k\u00ebto ky \u00ebsht\u00eb nj\u00eb humb\u00ebs i madh. S\u00eb dyti k\u00ebto zgjedhje p\u00ebrcaktuar se kush \u00ebsht\u00eb opozita reale pavar\u00ebsisht se ne e dinim por sigurisht presioni i nd\u00ebrkomb\u00ebtar\u00ebve t\u00eb futur edhe nga loja e brendshme, Rama p\u00ebr t\u00eb fituar terren, ka projektuar dhe ka sjell\u00eb q\u00eb vet\u00eb nd\u00ebrkomb\u00ebtar\u00ebt t\u00eb bien n\u00eb k\u00ebt\u00eb gabimin e non grat\u00ebs p\u00ebr ti sh\u00ebrbyer atij n\u00eb momente t\u00eb tjera\u201d, tha Nesho nw Task Force.<\/p>\n","protected":false},"excerpt":{"rendered":"<p>Diplomati Agim Nesho ka komentuar rezultatet e zgjedhjeve t\u00eb pjesshme t\u00eb 6 marsit p\u00ebr gjasht\u00eb bashki t\u00eb vendit. Sipas diplomatit, Rama \u00ebsht\u00eb humb\u00ebsi m\u00eb i madh dhe se vendi ka fituar opozit\u00ebn reale pavar\u00ebsisht nga presioni i nd\u00ebrkomb\u00ebtar\u00ebve. \u201cE shoh q\u00eb k\u00ebto zgjedhje plus fakteve q\u00eb koleg\u00ebt po thon\u00eb p\u00ebr zgjedhjet n\u00eb Shkod\u00ebr si duhet [&hellip;]<\/p>\n","protected":false},"author":2030,"featured_media":241917,"comment_status":"closed","ping_status":"closed","sticky":false,"template":"","format":"standard","meta":{"footnotes":""},"categories":[241,5380,231,1454],"tags":[],"class_list":{"0":"post-241916","1":"post","2":"type-post","3":"status-publish","4":"format-standard","5":"has-post-thumbnail","7":"category-aktualitet","8":"category-kryesore","9":"category-lajme","10":"category-politike"},"_links":{"self":[{"href":"https:\/\/zjarr.tv\/sq\/wp-json\/wp\/v2\/posts\/241916","targetHints":{"allow":["GET"]}}],"collection":[{"href":"https:\/\/zjarr.tv\/sq\/wp-json\/wp\/v2\/posts"}],"about":[{"href":"https:\/\/zjarr.tv\/sq\/wp-json\/wp\/v2\/types\/post"}],"author":[{"embeddable":true,"href":"https:\/\/zjarr.tv\/sq\/wp-json\/wp\/v2\/users\/2030"}],"replies":[{"embeddable":true,"href":"https:\/\/zjarr.tv\/sq\/wp-json\/wp\/v2\/comments?post=241916"}],"version-history":[{"count":0,"href":"https:\/\/zjarr.tv\/sq\/wp-json\/wp\/v2\/posts\/241916\/revisions"}],"wp:featuredmedia":[{"embeddable":true,"href":"https:\/\/zjarr.tv\/sq\/wp-json\/wp\/v2\/media\/241917"}],"wp:attachment":[{"href":"https:\/\/zjarr.tv\/sq\/wp-json\/wp\/v2\/media?parent=241916"}],"wp:term":[{"taxonomy":"category","embeddable":true,"href":"https:\/\/zjarr.tv\/sq\/wp-json\/wp\/v2\/categories?post=241916"},{"taxonomy":"post_tag","embeddable":true,"href":"https:\/\/zjarr.tv\/sq\/wp-json\/wp\/v2\/tags?post=241916"}],"curies":[{"name":"wp","href":"https:\/\/api.w.org\/{rel}","templated":true}]}}