{"id":241925,"date":"2022-03-08T06:28:20","date_gmt":"2022-03-08T05:28:20","guid":{"rendered":"https:\/\/zjarr.tv\/?p=241925"},"modified":"2022-03-08T06:28:20","modified_gmt":"2022-03-08T05:28:20","slug":"edhe-xhelal-mziu-i-del-kunder-bashes-ja-cilet-jane-2-deputetet-e-vetem-qe-i-dolen-ne-krah-kryedemokratit","status":"publish","type":"post","link":"https:\/\/zjarr.tv\/sq\/edhe-xhelal-mziu-i-del-kunder-bashes-ja-cilet-jane-2-deputetet-e-vetem-qe-i-dolen-ne-krah-kryedemokratit\/","title":{"rendered":"Edhe Xhelal Mziu i del kund\u00ebr Bash\u00ebs, ja cil\u00ebt jan\u00eb 2 deputet\u00ebt e vet\u00ebm q\u00eb i dol\u00ebn n\u00eb krah kryedemokratit"},"content":{"rendered":"<p>Kryedemokratit Lulzim Basha i ka dal\u00eb kund\u00ebr edhe deputeti i Dibr\u00ebs, Xhelal Mziu, i cili i ka k\u00ebrkuar t\u00eb jap\u00eb dor\u00ebheqjen.<\/p>\n<p>\u201cZoti Basha, zgjedhjet u humb\u00ebn. Ju keni p\u00ebrgjegj\u00ebsi dhe duhet t\u00eb jepni dor\u00ebheqje\u201d, m\u00ebsohet t\u00eb ket\u00eb th\u00ebn\u00eb Mziu.<\/p>\n<p>Mbledhja e Grupit Parlamentar t\u00eb PD-s\u00eb \u00ebsht\u00eb shoq\u00ebruar me debate t\u00eb forta, ku shumica e deputet\u00ebve i kan\u00eb k\u00ebrkuar Bash\u00ebs t\u00eb jap\u00eb dor\u00ebheqjen, nd\u00ebrkoh\u00eb q\u00eb n\u00eb krah t\u00eb kryedemokratit kan\u00eb dal\u00eb vet\u00ebm Oriola Pampuri dhe Arbi Agalliu.<\/p>\n","protected":false},"excerpt":{"rendered":"<p>Kryedemokratit Lulzim Basha i ka dal\u00eb kund\u00ebr edhe deputeti i Dibr\u00ebs, Xhelal Mziu, i cili i ka k\u00ebrkuar t\u00eb jap\u00eb dor\u00ebheqjen. \u201cZoti Basha, zgjedhjet u humb\u00ebn. Ju keni p\u00ebrgjegj\u00ebsi dhe duhet t\u00eb jepni dor\u00ebheqje\u201d, m\u00ebsohet t\u00eb ket\u00eb th\u00ebn\u00eb Mziu. Mbledhja e Grupit Parlamentar t\u00eb PD-s\u00eb \u00ebsht\u00eb shoq\u00ebruar me debate t\u00eb forta, ku shumica e deputet\u00ebve [&hellip;]<\/p>\n","protected":false},"author":2031,"featured_media":188410,"comment_status":"closed","ping_status":"closed","sticky":false,"template":"","format":"standard","meta":{"footnotes":""},"categories":[231],"tags":[596,312,5852,5853,294],"class_list":{"0":"post-241925","1":"post","2":"type-post","3":"status-publish","4":"format-standard","5":"has-post-thumbnail","7":"category-lajme","8":"tag-basha","9":"tag-lajme","10":"tag-tv","11":"tag-xhelalmziu","12":"tag-zjarr"},"_links":{"self":[{"href":"https:\/\/zjarr.tv\/sq\/wp-json\/wp\/v2\/posts\/241925","targetHints":{"allow":["GET"]}}],"collection":[{"href":"https:\/\/zjarr.tv\/sq\/wp-json\/wp\/v2\/posts"}],"about":[{"href":"https:\/\/zjarr.tv\/sq\/wp-json\/wp\/v2\/types\/post"}],"author":[{"embeddable":true,"href":"https:\/\/zjarr.tv\/sq\/wp-json\/wp\/v2\/users\/2031"}],"replies":[{"embeddable":true,"href":"https:\/\/zjarr.tv\/sq\/wp-json\/wp\/v2\/comments?post=241925"}],"version-history":[{"count":0,"href":"https:\/\/zjarr.tv\/sq\/wp-json\/wp\/v2\/posts\/241925\/revisions"}],"wp:featuredmedia":[{"embeddable":true,"href":"https:\/\/zjarr.tv\/sq\/wp-json\/wp\/v2\/media\/188410"}],"wp:attachment":[{"href":"https:\/\/zjarr.tv\/sq\/wp-json\/wp\/v2\/media?parent=241925"}],"wp:term":[{"taxonomy":"category","embeddable":true,"href":"https:\/\/zjarr.tv\/sq\/wp-json\/wp\/v2\/categories?post=241925"},{"taxonomy":"post_tag","embeddable":true,"href":"https:\/\/zjarr.tv\/sq\/wp-json\/wp\/v2\/tags?post=241925"}],"curies":[{"name":"wp","href":"https:\/\/api.w.org\/{rel}","templated":true}]}}