{"id":241934,"date":"2022-03-08T06:33:15","date_gmt":"2022-03-08T05:33:15","guid":{"rendered":"https:\/\/zjarr.tv\/?p=241934"},"modified":"2022-03-08T06:33:15","modified_gmt":"2022-03-08T05:33:15","slug":"fitim-zekthi-zbulon-dy-problemet-ne-pd-ajo-qe-po-ndodh-me-opoziten-eshte-e-tmerrshme","status":"publish","type":"post","link":"https:\/\/zjarr.tv\/sq\/fitim-zekthi-zbulon-dy-problemet-ne-pd-ajo-qe-po-ndodh-me-opoziten-eshte-e-tmerrshme\/","title":{"rendered":"Fitim Zekthi zbulon dy problemet n\u00eb PD: Ajo q\u00eb po ndodh me opozit\u00ebn \u00ebsht\u00eb e tmerrshme"},"content":{"rendered":"<p>An\u00ebtari i kryesis\u00eb s\u00eb PD, Fitim Zekthi deklaroi mbr\u00ebmjen e sotme se problemet brenda PD-s\u00eb kan\u00eb filluar prej vitesh, jo n\u00eb mom\u00ebntin e shpalljes s\u00eb Sali Berish\u00ebs \u201cnon grata\u201d.<\/p>\n<p>Ai tha n\u00eb \u201cOpen\u201d se ajo q\u00eb po ndodh sot me opozit\u00ebn \u00ebsht\u00eb e tmerrshme, nd\u00ebrsa vuri theksin te dy probleme kryesore t\u00eb partis\u00eb.<\/p>\n<p>\u201cKjo q\u00eb po ndodh me opozit\u00ebn \u00ebsht\u00eb v\u00ebrtet\u00eb e tmerrshme, dhe problemi nuk ka nisur n\u00eb shtator kur u shpall Berisha non-grata. PD ka qen\u00eb n\u00eb kriz\u00eb prej koh\u00ebsh, mund t\u00eb ket\u00eb 10-15 vjet.<\/p>\n<p>E kemi pasur t\u00eb keqen t\u00eb fshehur. PD ka probleme t\u00eb r\u00ebnda me ideologjin\u00eb dhe struktur\u00ebn. Ky \u00ebsht\u00eb thelbi. Ajo q\u00eb ka ndodh sot, \u00ebsht\u00eb vet\u00ebm ajo q\u00eb ka ndodhur gjith\u00eb k\u00ebto vite,\u201d tha Zekthi.<\/p>\n","protected":false},"excerpt":{"rendered":"<p>An\u00ebtari i kryesis\u00eb s\u00eb PD, Fitim Zekthi deklaroi mbr\u00ebmjen e sotme se problemet brenda PD-s\u00eb kan\u00eb filluar prej vitesh, jo n\u00eb mom\u00ebntin e shpalljes s\u00eb Sali Berish\u00ebs \u201cnon grata\u201d. Ai tha n\u00eb \u201cOpen\u201d se ajo q\u00eb po ndodh sot me opozit\u00ebn \u00ebsht\u00eb e tmerrshme, nd\u00ebrsa vuri theksin te dy probleme kryesore t\u00eb partis\u00eb. \u201cKjo q\u00eb [&hellip;]<\/p>\n","protected":false},"author":2031,"featured_media":241935,"comment_status":"closed","ping_status":"closed","sticky":false,"template":"","format":"standard","meta":{"footnotes":""},"categories":[231],"tags":[5855,312,2149,5854,458],"class_list":{"0":"post-241934","1":"post","2":"type-post","3":"status-publish","4":"format-standard","5":"has-post-thumbnail","7":"category-lajme","8":"tag-berisha-basha","9":"tag-lajme","10":"tag-pd","11":"tag-zekthi","12":"tag-zjarrtv"},"_links":{"self":[{"href":"https:\/\/zjarr.tv\/sq\/wp-json\/wp\/v2\/posts\/241934","targetHints":{"allow":["GET"]}}],"collection":[{"href":"https:\/\/zjarr.tv\/sq\/wp-json\/wp\/v2\/posts"}],"about":[{"href":"https:\/\/zjarr.tv\/sq\/wp-json\/wp\/v2\/types\/post"}],"author":[{"embeddable":true,"href":"https:\/\/zjarr.tv\/sq\/wp-json\/wp\/v2\/users\/2031"}],"replies":[{"embeddable":true,"href":"https:\/\/zjarr.tv\/sq\/wp-json\/wp\/v2\/comments?post=241934"}],"version-history":[{"count":0,"href":"https:\/\/zjarr.tv\/sq\/wp-json\/wp\/v2\/posts\/241934\/revisions"}],"wp:featuredmedia":[{"embeddable":true,"href":"https:\/\/zjarr.tv\/sq\/wp-json\/wp\/v2\/media\/241935"}],"wp:attachment":[{"href":"https:\/\/zjarr.tv\/sq\/wp-json\/wp\/v2\/media?parent=241934"}],"wp:term":[{"taxonomy":"category","embeddable":true,"href":"https:\/\/zjarr.tv\/sq\/wp-json\/wp\/v2\/categories?post=241934"},{"taxonomy":"post_tag","embeddable":true,"href":"https:\/\/zjarr.tv\/sq\/wp-json\/wp\/v2\/tags?post=241934"}],"curies":[{"name":"wp","href":"https:\/\/api.w.org\/{rel}","templated":true}]}}