{"id":241939,"date":"2022-03-08T06:35:57","date_gmt":"2022-03-08T05:35:57","guid":{"rendered":"https:\/\/zjarr.tv\/?p=241939"},"modified":"2022-03-08T06:35:57","modified_gmt":"2022-03-08T05:35:57","slug":"shperthen-sander-frangaj-lulzim-basha-nuk-ta-ngref-sot-ate-e-mund-edhe-mazniku-jo-me-rama","status":"publish","type":"post","link":"https:\/\/zjarr.tv\/sq\/shperthen-sander-frangaj-lulzim-basha-nuk-ta-ngref-sot-ate-e-mund-edhe-mazniku-jo-me-rama\/","title":{"rendered":"\u201cShp\u00ebrthen\u201d Sand\u00ebr Frangaj: Lulzim Basha nuk ta \u201cngref\u201d! Sot at\u00eb e mund edhe Mazniku, jo m\u00eb Rama"},"content":{"rendered":"<p>Drejtori i Televizionit Klan, Aleksand\u00ebr Frangaj, ka shp\u00ebrthyer ndaj kryedemokratit Lulzim Basha, p\u00ebr t\u00eb cilin u shpreh se nuk \u00ebsht\u00eb nj\u00eb lider.<\/p>\n<p>Sipas tij, Basha \u201cnuk ia ngref askujt\u201d, madje sot at\u00eb e mund n\u00eb zgjedhje jo vet\u00ebm kryeministri Rama, por edhe n\u00ebnkryetari i Bashkis\u00eb s\u00eb Tiran\u00ebs, Arbjan Mazniku.<\/p>\n<p>\u201cLulzim Bash\u00ebn, Rama nuk e ka m\u00eb n\u00eb refene. Deri tani kam th\u00ebn\u00eb e mund Erion Veliaj, jo m\u00eb Rama. Sot, pas 6 Marsit, them q\u00eb e mund edhe Arbjan Mazniku, z\u00ebvend\u00ebsi i Erionit.<\/p>\n<p> Nuk ka shans p\u00ebr t\u00eb fituar ai, nuk \u00ebsht\u00eb lider. Nuk ta ngref ai, Baton, s\u2019ja ngref kujt. N\u00eb zgjedhjet e ardhshme ai nuk merr as k\u00ebt\u00eb rezultat q\u00eb mori dje. Lulzim Basha nuk \u00ebhst\u00eb m\u00eb kryetar i asaj partie, nuk p\u00ebrfaq\u00ebson m\u00eb asgj\u00eb\u201d, tha Frangaj.<\/p>\n","protected":false},"excerpt":{"rendered":"<p>Drejtori i Televizionit Klan, Aleksand\u00ebr Frangaj, ka shp\u00ebrthyer ndaj kryedemokratit Lulzim Basha, p\u00ebr t\u00eb cilin u shpreh se nuk \u00ebsht\u00eb nj\u00eb lider. Sipas tij, Basha \u201cnuk ia ngref askujt\u201d, madje sot at\u00eb e mund n\u00eb zgjedhje jo vet\u00ebm kryeministri Rama, por edhe n\u00ebnkryetari i Bashkis\u00eb s\u00eb Tiran\u00ebs, Arbjan Mazniku. \u201cLulzim Bash\u00ebn, Rama nuk e ka [&hellip;]<\/p>\n","protected":false},"author":2031,"featured_media":241940,"comment_status":"closed","ping_status":"closed","sticky":false,"template":"","format":"standard","meta":{"footnotes":""},"categories":[231],"tags":[596,5856,312,2149,458],"class_list":{"0":"post-241939","1":"post","2":"type-post","3":"status-publish","4":"format-standard","5":"has-post-thumbnail","7":"category-lajme","8":"tag-basha","9":"tag-frangaj","10":"tag-lajme","11":"tag-pd","12":"tag-zjarrtv"},"_links":{"self":[{"href":"https:\/\/zjarr.tv\/sq\/wp-json\/wp\/v2\/posts\/241939","targetHints":{"allow":["GET"]}}],"collection":[{"href":"https:\/\/zjarr.tv\/sq\/wp-json\/wp\/v2\/posts"}],"about":[{"href":"https:\/\/zjarr.tv\/sq\/wp-json\/wp\/v2\/types\/post"}],"author":[{"embeddable":true,"href":"https:\/\/zjarr.tv\/sq\/wp-json\/wp\/v2\/users\/2031"}],"replies":[{"embeddable":true,"href":"https:\/\/zjarr.tv\/sq\/wp-json\/wp\/v2\/comments?post=241939"}],"version-history":[{"count":0,"href":"https:\/\/zjarr.tv\/sq\/wp-json\/wp\/v2\/posts\/241939\/revisions"}],"wp:featuredmedia":[{"embeddable":true,"href":"https:\/\/zjarr.tv\/sq\/wp-json\/wp\/v2\/media\/241940"}],"wp:attachment":[{"href":"https:\/\/zjarr.tv\/sq\/wp-json\/wp\/v2\/media?parent=241939"}],"wp:term":[{"taxonomy":"category","embeddable":true,"href":"https:\/\/zjarr.tv\/sq\/wp-json\/wp\/v2\/categories?post=241939"},{"taxonomy":"post_tag","embeddable":true,"href":"https:\/\/zjarr.tv\/sq\/wp-json\/wp\/v2\/tags?post=241939"}],"curies":[{"name":"wp","href":"https:\/\/api.w.org\/{rel}","templated":true}]}}