{"id":241943,"date":"2022-03-08T06:46:15","date_gmt":"2022-03-08T05:46:15","guid":{"rendered":"https:\/\/zjarr.tv\/?p=241943"},"modified":"2022-03-08T06:46:15","modified_gmt":"2022-03-08T05:46:15","slug":"baton-haxhiu-u-be-fushate-per-rrenimin-e-bashes-pd-ska-kryetar-se-e-vrate-ju-berisha-rama-shkullaku-nervozohet-fevziu-kete-smund-te-ma-thuash-debati","status":"publish","type":"post","link":"https:\/\/zjarr.tv\/sq\/baton-haxhiu-u-be-fushate-per-rrenimin-e-bashes-pd-ska-kryetar-se-e-vrate-ju-berisha-rama-shkullaku-nervozohet-fevziu-kete-smund-te-ma-thuash-debati\/","title":{"rendered":"Baton Haxhiu: U b\u00eb fushat\u00eb p\u00ebr RR\u00cbNIMIN e Bash\u00ebs! PD s\u2019ka kryetar se E VRAT\u00cb JU, Berisha, Rama, Shkullaku! NERVOZOHET Fevziu: K\u00ebt\u00eb s\u2019mund t\u00eb ma thuash (DEBATI)"},"content":{"rendered":"<p>Analisti Baton Haxhiu thot\u00eb se zgjedhjet e 6 Marsit nuk ishin gar\u00eb p\u00ebr bashkit\u00eb, por nj\u00eb sfid\u00eb mes Lulzim Bash\u00ebs dhe Sali Berish\u00ebs.<\/p>\n<p>Haxhiu tha se Partia Demokratike nuk ka m\u00eb lider, pasi sipas tij, ai u vra nga kund\u00ebrshtar\u00ebt politik\u00eb dhe analist\u00ebt n\u00eb studiot televizive.<\/p>\n<p>\u201cGara ishte nj\u00eb p\u00ebrpjekje p\u00ebr t\u00eb rr\u00ebnuar Bash\u00ebn\u201d, u shpreh Haxhiu n\u00eb emisionin \u201cOpinion\u201d. \u201cBash\u00ebn e vrat\u00eb ju (Fevziu), Berisha, Shkullaku, Rama\u2026\u201d, vijoi ai.<\/p>\n<p>Pjes\u00eb nga debati n\u00eb studio:<\/p>\n<p>Baton Haxhiu: Kjo gar\u00eb nuk \u00ebsht\u00eb p\u00ebr kryetar\u00eb p\u00ebr Bashkie. Kjo gar\u00eb \u00ebsht\u00eb p\u00ebrpjekje p\u00ebr t\u00eb rr\u00ebnuar Lulzim Bash\u00ebn. Aleati m\u00eb i r\u00ebnd\u00ebsish\u00ebm i k\u00ebtyre zgjedhjeve, i Edi Ram\u00ebs, \u00ebsht\u00eb Sali Berisha dhe Ilir Meta, pse foltorja dhe pika non-grata kan\u00eb nd\u00ebrtuar narracionin kund\u00ebr Bash\u00ebs. .<\/p>\n<p>E gjith\u00eb gara \u00ebsht\u00eb nd\u00ebrtuar kund\u00ebr Bash\u00ebs, n\u00eb fushat\u00eb, n\u00eb studio televizive. Dhe presidenti i republik\u00ebs, duke shkelur \u00e7do etik\u00eb, vendos t\u00eb shpall\u00eb zgjedhjet, vet\u00ebm t\u00eb rr\u00ebnoj\u00eb Lulzim Bash\u00ebn. Q\u00eb n\u00eb momentin q\u00eb u shpall Berisha non-grata, nd\u00ebrtoi fushat\u00ebn e tij mbrojt\u00ebse duke sulmuar njeriun e tij.<\/p>\n<p>Baton Haxhiu: Lulzim Basha dhe Sali Berisha kan\u00eb b\u00ebr\u00eb betej\u00eb me nj\u00ebri-tjetrin, jo p\u00ebr bashki. Dhe lideri q\u00eb ka shkat\u00ebrruar PD-n\u00eb, PD-ja s\u2019ka lider, e vran\u00eb, ti, Shkullaku, Berisha, Edi Rama\u2026<\/p>\n<p>Blendi Fevziu: K\u00ebt\u00eb nuk mund ta thuash, n\u00eb k\u00ebt\u00eb studio pal\u00ebt kan\u00eb qen\u00eb t\u00eb barabart\u00eb, nuk mund t\u00eb vish n\u00eb k\u00ebt\u00eb studio dhe t\u00eb thuash provokim. S\u2019mund t\u00eb vish e t\u00eb m\u00eb thuash mua e ke vrar\u00eb. Un\u00eb i kam q\u00ebndruar nj\u00eb teze\u2026<\/p>\n","protected":false},"excerpt":{"rendered":"<p>Analisti Baton Haxhiu thot\u00eb se zgjedhjet e 6 Marsit nuk ishin gar\u00eb p\u00ebr bashkit\u00eb, por nj\u00eb sfid\u00eb mes Lulzim Bash\u00ebs dhe Sali Berish\u00ebs. Haxhiu tha se Partia Demokratike nuk ka m\u00eb lider, pasi sipas tij, ai u vra nga kund\u00ebrshtar\u00ebt politik\u00eb dhe analist\u00ebt n\u00eb studiot televizive. \u201cGara ishte nj\u00eb p\u00ebrpjekje p\u00ebr t\u00eb rr\u00ebnuar Bash\u00ebn\u201d, u [&hellip;]<\/p>\n","protected":false},"author":2031,"featured_media":183488,"comment_status":"closed","ping_status":"closed","sticky":false,"template":"","format":"standard","meta":{"footnotes":""},"categories":[231],"tags":[5857,312,458],"class_list":{"0":"post-241943","1":"post","2":"type-post","3":"status-publish","4":"format-standard","5":"has-post-thumbnail","7":"category-lajme","8":"tag-batonhaxhiu","9":"tag-lajme","10":"tag-zjarrtv"},"_links":{"self":[{"href":"https:\/\/zjarr.tv\/sq\/wp-json\/wp\/v2\/posts\/241943","targetHints":{"allow":["GET"]}}],"collection":[{"href":"https:\/\/zjarr.tv\/sq\/wp-json\/wp\/v2\/posts"}],"about":[{"href":"https:\/\/zjarr.tv\/sq\/wp-json\/wp\/v2\/types\/post"}],"author":[{"embeddable":true,"href":"https:\/\/zjarr.tv\/sq\/wp-json\/wp\/v2\/users\/2031"}],"replies":[{"embeddable":true,"href":"https:\/\/zjarr.tv\/sq\/wp-json\/wp\/v2\/comments?post=241943"}],"version-history":[{"count":0,"href":"https:\/\/zjarr.tv\/sq\/wp-json\/wp\/v2\/posts\/241943\/revisions"}],"wp:featuredmedia":[{"embeddable":true,"href":"https:\/\/zjarr.tv\/sq\/wp-json\/wp\/v2\/media\/183488"}],"wp:attachment":[{"href":"https:\/\/zjarr.tv\/sq\/wp-json\/wp\/v2\/media?parent=241943"}],"wp:term":[{"taxonomy":"category","embeddable":true,"href":"https:\/\/zjarr.tv\/sq\/wp-json\/wp\/v2\/categories?post=241943"},{"taxonomy":"post_tag","embeddable":true,"href":"https:\/\/zjarr.tv\/sq\/wp-json\/wp\/v2\/tags?post=241943"}],"curies":[{"name":"wp","href":"https:\/\/api.w.org\/{rel}","templated":true}]}}