{"id":241988,"date":"2022-03-08T12:26:41","date_gmt":"2022-03-08T11:26:41","guid":{"rendered":"https:\/\/zjarr.tv\/?p=241988"},"modified":"2022-03-08T12:26:41","modified_gmt":"2022-03-08T11:26:41","slug":"vendit-i-duhet-opozite-e-forte-agron-duka-pjesemarrja-e-ulet-ne-zgjedhje-deshmon-mungese-besimi-e-shprese-tek-qytetaret","status":"publish","type":"post","link":"https:\/\/zjarr.tv\/sq\/vendit-i-duhet-opozite-e-forte-agron-duka-pjesemarrja-e-ulet-ne-zgjedhje-deshmon-mungese-besimi-e-shprese-tek-qytetaret\/","title":{"rendered":"\u201cVendit i duhet opozit\u00eb e fort\u00eb\u201d, Agron Duka: Pjes\u00ebmarrja e ul\u00ebt n\u00eb zgjedhje d\u00ebshmon munges\u00eb besimi e shprese tek qytetar\u00ebt"},"content":{"rendered":"<p>Kreu i partis\u00eb Agrare Ambientaliste, Agron Duka ka komentuar zgjedhjet e 6 marsit, ku PS fitoi 5 Bashki, nd\u00ebrsa Shkodra u fitua nga kandidati i \u201cSht\u00ebpis\u00eb s\u00eb Liris\u00eb\u201d Bardh Spahia.<\/p>\n<p>P\u00ebrmes nj\u00eb postimi n\u00eb Facebook, Duka thot\u00eb se vendit i duhet nj\u00eb opozit\u00eb e fort\u00eb, nd\u00ebraa shton se pjes\u00ebmarrja e votuesve ishte e ul\u00ebt q\u00eb sipas tij d\u00ebshmon munges\u00eb besimi dhe shprese. Ai shkruan se PAA shikon me shqet\u00ebsim regresin e opozitarizmit.<\/p>\n<p>Postimi i plot\u00eb i Agron Duk\u00ebs:<\/p>\n<p>Vendit i duhet nj\u00eb opozit\u00eb e fort\u00eb !!!<\/p>\n<p>Zgjedhjet e pjesshme vendore u p\u00ebrmbyll\u00ebn dhe ne kemi mund\u00ebsi ta analizojm\u00eb m\u00eb ftoht\u00eb situat\u00ebn politike n\u00eb t\u00eb cil\u00ebn u zhvilluan dhe situat\u00ebn q\u00eb ato prodhuan.<\/p>\n<p>Edhe pse t\u00eb pjeshme dhe vendore, ato kishin nj\u00eb natyr\u00eb t\u00eb past\u00ebr politike, p\u00ebr shkak t\u00eb nj\u00eb gare t\u00eb fort\u00eb mes dy grupimeve n\u00eb Partis\u00eb Demokratike. Partia Agrare Ambientaliste, shikon me shqet\u00ebsim regresin e politik\u00ebs n\u00eb t\u00ebr\u00ebsi, q\u00eb u demonstrua me nj\u00eb pjes\u00ebmarrje shum\u00eb t\u00eb ul\u00ebt t\u00eb votuesve n\u00eb zgjedhje, q\u00eb d\u00ebshmon munges\u00eb besimi dhe shprese. Gjithashtu, ne shikojm\u00eb me shqet\u00ebsim regresin e opozitarizmit dhe forcimin e nj\u00eb aktori politik t\u00eb vet\u00ebm, q\u00eb rrezikon t\u00eb \u00e7oj\u00eb Shqip\u00ebrin\u00eb drejt nj\u00eb regjimi putinist.<\/p>\n<p>Ne \u00e7mojm\u00eb nevoj\u00ebn urgjente t\u00eb riorganizimit t\u00eb opozit\u00ebs, si nj\u00eb aktor i r\u00ebnd\u00ebsish\u00ebm i demokracis\u00eb dhe garancis\u00eb p\u00ebr nj\u00eb qeverisje m\u00eb t\u00eb mir\u00eb.<\/p>\n<p>P\u00ebr k\u00ebt\u00eb arsye PAA do t\u00eb mb\u00ebshtes\u00eb dhe nxis\u00eb \u00e7do p\u00ebrpjekje q\u00eb do t\u00eb synoj\u00eb grupimin dhe bashkimin e forcave opozitare, p\u00ebr t\u00eb prodhuar nj\u00eb alternativ\u00eb dhe nj\u00eb ofert\u00eb qeveris\u00eb t\u00eb besueshme p\u00ebr qytetar\u00ebt, n\u00eb zgjedhjet e ardh\u00ebshme vendore dhe t\u00eb p\u00ebrgjithshme.<\/p>\n","protected":false},"excerpt":{"rendered":"<p>Kreu i partis\u00eb Agrare Ambientaliste, Agron Duka ka komentuar zgjedhjet e 6 marsit, ku PS fitoi 5 Bashki, nd\u00ebrsa Shkodra u fitua nga kandidati i \u201cSht\u00ebpis\u00eb s\u00eb Liris\u00eb\u201d Bardh Spahia. P\u00ebrmes nj\u00eb postimi n\u00eb Facebook, Duka thot\u00eb se vendit i duhet nj\u00eb opozit\u00eb e fort\u00eb, nd\u00ebraa shton se pjes\u00ebmarrja e votuesve ishte e ul\u00ebt q\u00eb [&hellip;]<\/p>\n","protected":false},"author":2030,"featured_media":241989,"comment_status":"closed","ping_status":"closed","sticky":false,"template":"","format":"standard","meta":{"footnotes":""},"categories":[241,3366,5380,231,1454],"tags":[],"class_list":{"0":"post-241988","1":"post","2":"type-post","3":"status-publish","4":"format-standard","5":"has-post-thumbnail","7":"category-aktualitet","8":"category-koment","9":"category-kryesore","10":"category-lajme","11":"category-politike"},"_links":{"self":[{"href":"https:\/\/zjarr.tv\/sq\/wp-json\/wp\/v2\/posts\/241988","targetHints":{"allow":["GET"]}}],"collection":[{"href":"https:\/\/zjarr.tv\/sq\/wp-json\/wp\/v2\/posts"}],"about":[{"href":"https:\/\/zjarr.tv\/sq\/wp-json\/wp\/v2\/types\/post"}],"author":[{"embeddable":true,"href":"https:\/\/zjarr.tv\/sq\/wp-json\/wp\/v2\/users\/2030"}],"replies":[{"embeddable":true,"href":"https:\/\/zjarr.tv\/sq\/wp-json\/wp\/v2\/comments?post=241988"}],"version-history":[{"count":0,"href":"https:\/\/zjarr.tv\/sq\/wp-json\/wp\/v2\/posts\/241988\/revisions"}],"wp:featuredmedia":[{"embeddable":true,"href":"https:\/\/zjarr.tv\/sq\/wp-json\/wp\/v2\/media\/241989"}],"wp:attachment":[{"href":"https:\/\/zjarr.tv\/sq\/wp-json\/wp\/v2\/media?parent=241988"}],"wp:term":[{"taxonomy":"category","embeddable":true,"href":"https:\/\/zjarr.tv\/sq\/wp-json\/wp\/v2\/categories?post=241988"},{"taxonomy":"post_tag","embeddable":true,"href":"https:\/\/zjarr.tv\/sq\/wp-json\/wp\/v2\/tags?post=241988"}],"curies":[{"name":"wp","href":"https:\/\/api.w.org\/{rel}","templated":true}]}}