{"id":241996,"date":"2022-03-08T12:29:40","date_gmt":"2022-03-08T11:29:40","guid":{"rendered":"https:\/\/zjarr.tv\/?p=241996"},"modified":"2022-03-08T12:29:40","modified_gmt":"2022-03-08T11:29:40","slug":"bardh-spahia-i-pergjigjet-bashes-shkodranet-refuzuan-modelin-humbes-e-paterices-te-rames","status":"publish","type":"post","link":"https:\/\/zjarr.tv\/sq\/bardh-spahia-i-pergjigjet-bashes-shkodranet-refuzuan-modelin-humbes-e-paterices-te-rames\/","title":{"rendered":"Bardh Spahia i p\u00ebrgjigjet Bash\u00ebs: Shkodran\u00ebt refuzuan modelin humb\u00ebs e \u201cpateric\u00ebs\u201d t\u00eb Ram\u00ebs"},"content":{"rendered":"<p>Kryebashkiaku i ri i Shkodr\u00ebs Bardh Spahia iu p\u00ebrgjigj deklarat\u00ebs s\u00eb kreut t\u00eb PD Lulzim Basha i cili tha se Spahia u votua vet\u00ebm nga stafi i Bashkis\u00eb Shkod\u00ebr.<\/p>\n<p>N\u00eb nj\u00eb lidhje \u201cSkype\u201d me Syri.net, Spahia tha se n\u00eb Bashki jan\u00eb t\u00eb pun\u00ebsuar rreth 500 veta dhe se kryedemokrati Basha duhet t\u00eb lexoj\u00eb mir\u00eb mesazhin e qytetar\u00ebve, t\u00eb cil\u00ebt sipas tij kan\u00eb refuzuar modelin humb\u00ebs.<\/p>\n<p>Ai b\u00ebri thirrje dhe nj\u00ebher\u00eb demokrat\u00ebve se e kan\u00eb der\u00ebn e hapur p\u00ebr t\u00eb filluar nj\u00eb opozitariz\u00ebm t\u00eb ri.<\/p>\n<p>Pyetje: Deklarata e Bash\u00ebs p\u00ebr fitoren tuaj, i ciki tha se mor\u00ebt votat nga personeli i Bashkis\u00eb s\u00eb Shkodr\u00ebs?<\/p>\n<p>Spahia: Bashkia e Shkodr\u00ebs ka nj\u00eb personel me pak se 500 veta dhe besoj se shumica e tyre jan\u00eb demokrat\u00eb. Para se t\u00eb b\u00ebj\u00eb gabime politke, duhet t\u00eb lexoj\u00eb mir\u00eb mesazhin e shkodran\u00ebve, t\u00eb cilat kan\u00eb refuzuar modelin modelin e em\u00ebrimit, komandimit, pa pyetur strukturat, refuzuan modelin humb\u00ebs i cili na ka udh\u00ebhequr ne prej 9 vitesh, duke e kthyer nj\u00eb pjes\u00eb t\u00eb opozit\u00ebs shqiptare n\u00eb pateric\u00eb p\u00ebr Edi Ram\u00ebn. K\u00ebt\u00eb e kan\u00eb refuzuar qytetar\u00ebt shkodran\u00eb n\u00eb m\u00ebnyr\u00eb masive. K\u00ebt\u00eb duhet ta lexojn\u00eb mir\u00eb nga Basha e cilido parlamentar aktual\u200b.<\/p>\n<p>Un\u00eb e kam th\u00ebn\u00eb r\u00ebnd\u00ebsin\u00eb q\u00eb ka pas procesi i primareve, duke zgjedhur p\u00ebrfaq\u00ebsuesit e vet n\u00eb k\u00ebt\u00eb gar\u00eb elektorale. Por dikush zgjodhi t\u00eb em\u00ebroj\u00eb nj\u00eb p\u00ebrfaq\u00ebsues n\u00eb k\u00ebt\u00eb gar\u00eb dhe pse e dinte q\u00eb jan\u00eb minoranc\u00eb. I b\u00ebj thirrje \u00e7do demokrati q\u00eb t\u00eb vijn\u00eb tek ne dhe t\u2019i bashkohen shumic\u00ebs s\u00eb shkodran\u00ebve p\u00ebr t\u00eb filluar nj\u00eb opozitariz\u00ebm t\u00eb ri.<\/p>\n","protected":false},"excerpt":{"rendered":"<p>Kryebashkiaku i ri i Shkodr\u00ebs Bardh Spahia iu p\u00ebrgjigj deklarat\u00ebs s\u00eb kreut t\u00eb PD Lulzim Basha i cili tha se Spahia u votua vet\u00ebm nga stafi i Bashkis\u00eb Shkod\u00ebr. N\u00eb nj\u00eb lidhje \u201cSkype\u201d me Syri.net, Spahia tha se n\u00eb Bashki jan\u00eb t\u00eb pun\u00ebsuar rreth 500 veta dhe se kryedemokrati Basha duhet t\u00eb lexoj\u00eb mir\u00eb mesazhin [&hellip;]<\/p>\n","protected":false},"author":2030,"featured_media":241863,"comment_status":"closed","ping_status":"closed","sticky":false,"template":"","format":"standard","meta":{"footnotes":""},"categories":[241,3366,5380,231,1454],"tags":[],"class_list":{"0":"post-241996","1":"post","2":"type-post","3":"status-publish","4":"format-standard","5":"has-post-thumbnail","7":"category-aktualitet","8":"category-koment","9":"category-kryesore","10":"category-lajme","11":"category-politike"},"_links":{"self":[{"href":"https:\/\/zjarr.tv\/sq\/wp-json\/wp\/v2\/posts\/241996","targetHints":{"allow":["GET"]}}],"collection":[{"href":"https:\/\/zjarr.tv\/sq\/wp-json\/wp\/v2\/posts"}],"about":[{"href":"https:\/\/zjarr.tv\/sq\/wp-json\/wp\/v2\/types\/post"}],"author":[{"embeddable":true,"href":"https:\/\/zjarr.tv\/sq\/wp-json\/wp\/v2\/users\/2030"}],"replies":[{"embeddable":true,"href":"https:\/\/zjarr.tv\/sq\/wp-json\/wp\/v2\/comments?post=241996"}],"version-history":[{"count":0,"href":"https:\/\/zjarr.tv\/sq\/wp-json\/wp\/v2\/posts\/241996\/revisions"}],"wp:featuredmedia":[{"embeddable":true,"href":"https:\/\/zjarr.tv\/sq\/wp-json\/wp\/v2\/media\/241863"}],"wp:attachment":[{"href":"https:\/\/zjarr.tv\/sq\/wp-json\/wp\/v2\/media?parent=241996"}],"wp:term":[{"taxonomy":"category","embeddable":true,"href":"https:\/\/zjarr.tv\/sq\/wp-json\/wp\/v2\/categories?post=241996"},{"taxonomy":"post_tag","embeddable":true,"href":"https:\/\/zjarr.tv\/sq\/wp-json\/wp\/v2\/tags?post=241996"}],"curies":[{"name":"wp","href":"https:\/\/api.w.org\/{rel}","templated":true}]}}