{"id":241999,"date":"2022-03-08T12:31:48","date_gmt":"2022-03-08T11:31:48","guid":{"rendered":"https:\/\/zjarr.tv\/?p=241999"},"modified":"2022-03-08T12:31:48","modified_gmt":"2022-03-08T11:31:48","slug":"basha-ne-mbledhjen-e-grupit-nuk-kam-humbur-asnje-beteje-mi-kane-vjedhur-deputetet-e-kundershtojne-duhet-te-japesh-doreheqjen-nuk-na-beson-me-asnje-keshtu","status":"publish","type":"post","link":"https:\/\/zjarr.tv\/sq\/basha-ne-mbledhjen-e-grupit-nuk-kam-humbur-asnje-beteje-mi-kane-vjedhur-deputetet-e-kundershtojne-duhet-te-japesh-doreheqjen-nuk-na-beson-me-asnje-keshtu\/","title":{"rendered":"Basha n\u00eb mbledhjen e Grupit: Nuk kam humbur asnj\u00eb betej\u00eb, m\u2019i kan\u00eb vjedhur! Deputet\u00ebt e kund\u00ebrshtojn\u00eb: Duhet t\u00eb jap\u00ebsh dor\u00ebheqjen! Nuk na beson m\u00eb asnj\u00eb k\u00ebshtu"},"content":{"rendered":"<p>N\u00eb mbledhjen e Grupit Parlamentar t\u00eb Partis\u00eb Demokratike, kryetari Lulzim Basha n\u00eb fjal\u00ebn e tij para deputet\u00ebve \u00ebsht\u00eb justifikuar p\u00ebr humbjen e zgjedhjeve t\u00eb pjesshme.<\/p>\n<p>Ai \u00ebsht\u00eb shprehur se 6 Marsi ishte nj\u00eb tjet\u00ebr kurth pas 8 Janarit, teksa shtoi se PD u detyrua t\u00eb merrte pjes\u00eb n\u00eb k\u00ebto zgjedhje. \u201c6 marsi ishte kurth pas 8 janarit dhe ne u vendosem para detyrimit p\u00ebr t\u00eb marr\u00eb pjes\u00eb n\u00eb zgjedhje. Nuk kam humbur asnj\u00eb betej\u00eb, m\u2019i kan\u00eb vjedhur\u201d, m\u00ebsohet t\u00eb ket\u00eb th\u00ebn\u00eb ai.<\/p>\n<p>Por deputet\u00ebt Ferdinand Xhaferri, Agron Gjekmarkaj, Helidon Bushati dhe Dashnor Sula e kan\u00eb kund\u00ebrshtuar kryedemokratin, duke i k\u00ebrkuar q\u00eb t\u00eb jap\u00eb dor\u00ebheqjen, pasi me k\u00ebto justifikime nuk po i beson m\u00eb asnj\u00eb qytetar.<\/p>\n<p>Ferdinand Xhaferri: Jam m\u00eb i vjetri dhe me eksperienc\u00eb, s\u2019kam ambicie por p\u00ebrgjegj\u00ebsi p\u00ebr PD. Berisha s\u2019\u00ebsht\u00eb zgjidhje dhe e ka mbyll me PD, por ti na ke fyer kur thua s\u2019kam humbur asnj\u00eb gare. Duhet t\u00eb largohesh si kryetar, na fyen kur thua se s\u2019ke humbur asnj\u00eb betej\u00eb<\/p>\n<p>Dashnor Sula: Cila \u00ebsht\u00eb zgjidhja kryetar? Se k\u00ebshtu mund t\u00eb na thuash p\u00ebrs\u00ebri. Si i jep zgjidhje? Ke p\u00ebrgjegj\u00ebsi ti dhe ne. Nuk na beson m\u00eb asnj\u00eb k\u00ebshtu<\/p>\n<p>Helidon Bushati: Duhet t\u00eb jemi p\u00ebrtej egos, e shkaterruat PD ju dhe Berisha. Duhet t\u00eb ik\u00ebsh. Duhet Kongres pajtimi. T\u00eb bashkohemi!<\/p>\n<p>Agron Gjekmarkaj: T\u00eb ngrihet nj\u00eb komision dhe PD t\u00eb shkoj\u00eb n\u00eb zgjedhje t\u00eb reja.<\/p>\n<p>Ilda dhori: T\u00eb hapen zgjedhjet n\u00eb parti. Duhet t\u00eb ikesh, duhet t\u00eb hapet gara n\u00eb PD. Berisha e ka mbyll duhet t\u00eb zgjedhin demokrat\u00ebt cili na bashkon.<\/p>\n","protected":false},"excerpt":{"rendered":"<p>N\u00eb mbledhjen e Grupit Parlamentar t\u00eb Partis\u00eb Demokratike, kryetari Lulzim Basha n\u00eb fjal\u00ebn e tij para deputet\u00ebve \u00ebsht\u00eb justifikuar p\u00ebr humbjen e zgjedhjeve t\u00eb pjesshme. Ai \u00ebsht\u00eb shprehur se 6 Marsi ishte nj\u00eb tjet\u00ebr kurth pas 8 Janarit, teksa shtoi se PD u detyrua t\u00eb merrte pjes\u00eb n\u00eb k\u00ebto zgjedhje. \u201c6 marsi ishte kurth pas [&hellip;]<\/p>\n","protected":false},"author":2030,"featured_media":242000,"comment_status":"closed","ping_status":"closed","sticky":false,"template":"","format":"standard","meta":{"footnotes":""},"categories":[241,3366,1454],"tags":[],"class_list":{"0":"post-241999","1":"post","2":"type-post","3":"status-publish","4":"format-standard","5":"has-post-thumbnail","7":"category-aktualitet","8":"category-koment","9":"category-politike"},"_links":{"self":[{"href":"https:\/\/zjarr.tv\/sq\/wp-json\/wp\/v2\/posts\/241999","targetHints":{"allow":["GET"]}}],"collection":[{"href":"https:\/\/zjarr.tv\/sq\/wp-json\/wp\/v2\/posts"}],"about":[{"href":"https:\/\/zjarr.tv\/sq\/wp-json\/wp\/v2\/types\/post"}],"author":[{"embeddable":true,"href":"https:\/\/zjarr.tv\/sq\/wp-json\/wp\/v2\/users\/2030"}],"replies":[{"embeddable":true,"href":"https:\/\/zjarr.tv\/sq\/wp-json\/wp\/v2\/comments?post=241999"}],"version-history":[{"count":0,"href":"https:\/\/zjarr.tv\/sq\/wp-json\/wp\/v2\/posts\/241999\/revisions"}],"wp:featuredmedia":[{"embeddable":true,"href":"https:\/\/zjarr.tv\/sq\/wp-json\/wp\/v2\/media\/242000"}],"wp:attachment":[{"href":"https:\/\/zjarr.tv\/sq\/wp-json\/wp\/v2\/media?parent=241999"}],"wp:term":[{"taxonomy":"category","embeddable":true,"href":"https:\/\/zjarr.tv\/sq\/wp-json\/wp\/v2\/categories?post=241999"},{"taxonomy":"post_tag","embeddable":true,"href":"https:\/\/zjarr.tv\/sq\/wp-json\/wp\/v2\/tags?post=241999"}],"curies":[{"name":"wp","href":"https:\/\/api.w.org\/{rel}","templated":true}]}}