{"id":242049,"date":"2022-03-08T17:24:24","date_gmt":"2022-03-08T16:24:24","guid":{"rendered":"https:\/\/zjarr.tv\/?p=242049"},"modified":"2022-03-08T17:24:24","modified_gmt":"2022-03-08T16:24:24","slug":"si-bija-e-azem-hajdarit-kjo-me-tmerron-rudina-shkruan-per-disfaten-e-pd-ne-zgjedhje-partia-e-themeluar-nga-im-ate-eshte-shkaterruar","status":"publish","type":"post","link":"https:\/\/zjarr.tv\/sq\/si-bija-e-azem-hajdarit-kjo-me-tmerron-rudina-shkruan-per-disfaten-e-pd-ne-zgjedhje-partia-e-themeluar-nga-im-ate-eshte-shkaterruar\/","title":{"rendered":"\u201cSi bija e Azem Hajdarit kjo m\u00eb tmerron\u201d, Rudina shkruan p\u00ebr disfat\u00ebn e PD n\u00eb zgjedhje: Partia e themeluar nga im at\u00eb \u00ebsht\u00eb shkat\u00ebrruar"},"content":{"rendered":"<p>Ish-deputeja e PD Rudina Hajdari, reagon p\u00ebr disfat\u00ebn e k\u00ebsaj force politike n\u00eb zgjedhjet e pjesshme lokale. Ajo shkruan se si ish-deputete e PD humbja i dhemb, kurse si e bija e Azem Hajdarit e tmerron.<\/p>\n<p>\u201cNuk kam fjal\u00eb p\u00ebr ta p\u00ebrshkruar ndjesin\u00eb e tmerrshme q\u00eb pata dje kur pash\u00eb se Partia e themeluar nga im at\u00eb dhe qindra student\u00eb guximtar\u00eb, t\u00eb cil\u00ebt luftuan me rregjimin komunist p\u00ebr t\u00eb instaluar demokracin\u00eb n\u00eb Shqip\u00ebri, u katandis nga forca q\u00eb solli lirin\u00eb dhe demokracin\u00eb n\u00eb nj\u00eb parti t\u00eb vog\u00ebl e pa mb\u00ebshtetje elektorale\u201d, shkruan Hajdari nd\u00ebr t\u00eb tjera.<\/p>\n<p>Ajo k\u00ebrkon q\u00eb Basha dhe Berisha \u201ct\u00eb hapin krahun\u201d dhe demorkat\u00ebt t\u00eb marrin n\u00eb dor\u00eb partin\u00eb.<\/p>\n<p>Sh\u00ebnimi i plot\u00eb i Rudina Hajdarit:<\/p>\n<p>Nuk kam fjal\u00eb p\u00ebr ta p\u00ebrshkruar ndjesin\u00eb e tmerrshme q\u00eb pata dje kur pash\u00eb se Partia e themeluar nga im at\u00eb dhe qindra student\u00eb guximtar\u00eb, t\u00eb cil\u00ebt luftuan me rregjimin komunist p\u00ebr t\u00eb instaluar demokracin\u00eb n\u00eb Shqip\u00ebri, u katandis nga forca q\u00eb solli lirin\u00eb dhe demokracin\u00eb n\u00eb nj\u00eb parti t\u00eb vog\u00ebl e pa mb\u00ebshtetje elektorale.<\/p>\n<p>Si ish deputete e PD kjo m\u00eb dhemb, e si bija e Azem Hajdarit kjo m\u00eb tmerron.<\/p>\n<p>PD nuk \u00ebsht\u00eb prona as e Lulzim Bash\u00ebs e as e Sali Berish\u00ebs, t\u00eb cil\u00ebn ata mund ta shpenzojn\u00eb, shp\u00ebrdorojn\u00eb, shkat\u00ebrrojn\u00eb sipas interesit t\u00eb tyre personal.<\/p>\n<p>PD \u00ebsht\u00eb themeli i demokracis\u00eb shqiptare.<\/p>\n<p>Themel i lar\u00eb me gjakun e njer\u00ebzve q\u00eb dhan\u00eb jet\u00ebn p\u00ebr t\u00eb e me djers\u00ebn e ballit t\u00eb qindra mij\u00ebra qytetar\u00ebve t\u00eb cil\u00ebt besuan dhe luftuan p\u00ebr nj\u00eb Shqip\u00ebri ku jetohet me dinjitet e n\u00eb liri.<\/p>\n<p>Ndaj dua sot ti b\u00ebj thirrje si Bash\u00ebs dhe Berish\u00ebs q\u00eb ti japin fund absurdit dhe shkat\u00ebrrimit t\u00eb PD, t\u00eb b\u00ebjn\u00eb t\u00eb dy pas dhe ti hapin rrug\u00ebs nj\u00eb gare e cila do t\u00eb mund\u00ebsoj\u00eb ardhjen n\u00eb PD t\u00eb nj\u00eb lidershipi t\u00eb ri, me vizion, me pasion, me energji dhe pa ngarkesa nga e kaluara.<\/p>\n<p>I b\u00ebj thirrje gjith\u00eb demokrat\u00ebve q\u00eb t\u00eb mos heshtin m\u00eb, t\u00eb mos p\u00ebrulen m\u00eb para atyre q\u00eb po shkat\u00ebrrojn\u00eb Partin\u00eb Demokratike por t\u00eb bashkohen p\u00ebr t\u00eb k\u00ebrkuar nj\u00eb drejtim t\u00eb ri.<\/p>\n<p>PD ka qen\u00eb partia q\u00eb i ka b\u00ebr\u00eb shqiptar\u00ebt t\u00eb \u00ebnd\u00ebrrojn\u00eb p\u00ebr Europ\u00ebn, p\u00ebr nj\u00eb t\u00eb ardhme t\u00eb ndritur e plot begati.<\/p>\n<p>PD ka mund\u00ebsi s\u00ebrish ta kryej\u00eb k\u00ebt\u00eb mision, por kjo nuk arrihet as me Bash\u00ebn e as me Berish\u00ebn.<\/p>\n<p>N\u00ebse ata vazhdojn\u00eb betej\u00ebn e tyre p\u00ebr pla\u00e7k\u00eb e interesa t\u00eb vogla, nga PD do mbetet ve\u00e7 disa faqe n\u00eb historin\u00eb e Shqip\u00ebris\u00eb. Ata nuk frym\u00ebzojn\u00eb m\u00eb ask\u00ebnd, rezultatet e djeshme e tregojn\u00eb qart\u00eb k\u00ebt\u00eb.<\/p>\n<p>\u00c7do demokrat, \u00e7do militant, \u00e7do zyrtar, \u00e7do deputet i PD q\u00eb nuk ka hyr\u00eb aty p\u00ebr pla\u00e7k\u00eb por p\u00ebr ideal e pasion duhet sot t\u00eb ngrej\u00eb krye e t\u00eb shp\u00ebtoj\u00eb PD nga shkat\u00ebrrimi e zhdukja.<\/p>\n<p>SOT! Nes\u00ebr do t\u00eb jet\u00eb von\u00eb!<\/p>\n","protected":false},"excerpt":{"rendered":"<p>Ish-deputeja e PD Rudina Hajdari, reagon p\u00ebr disfat\u00ebn e k\u00ebsaj force politike n\u00eb zgjedhjet e pjesshme lokale. Ajo shkruan se si ish-deputete e PD humbja i dhemb, kurse si e bija e Azem Hajdarit e tmerron. \u201cNuk kam fjal\u00eb p\u00ebr ta p\u00ebrshkruar ndjesin\u00eb e tmerrshme q\u00eb pata dje kur pash\u00eb se Partia e themeluar nga [&hellip;]<\/p>\n","protected":false},"author":2030,"featured_media":242050,"comment_status":"closed","ping_status":"closed","sticky":false,"template":"","format":"standard","meta":{"footnotes":""},"categories":[241,3366,5380,231,1454],"tags":[],"class_list":{"0":"post-242049","1":"post","2":"type-post","3":"status-publish","4":"format-standard","5":"has-post-thumbnail","7":"category-aktualitet","8":"category-koment","9":"category-kryesore","10":"category-lajme","11":"category-politike"},"_links":{"self":[{"href":"https:\/\/zjarr.tv\/sq\/wp-json\/wp\/v2\/posts\/242049","targetHints":{"allow":["GET"]}}],"collection":[{"href":"https:\/\/zjarr.tv\/sq\/wp-json\/wp\/v2\/posts"}],"about":[{"href":"https:\/\/zjarr.tv\/sq\/wp-json\/wp\/v2\/types\/post"}],"author":[{"embeddable":true,"href":"https:\/\/zjarr.tv\/sq\/wp-json\/wp\/v2\/users\/2030"}],"replies":[{"embeddable":true,"href":"https:\/\/zjarr.tv\/sq\/wp-json\/wp\/v2\/comments?post=242049"}],"version-history":[{"count":0,"href":"https:\/\/zjarr.tv\/sq\/wp-json\/wp\/v2\/posts\/242049\/revisions"}],"wp:featuredmedia":[{"embeddable":true,"href":"https:\/\/zjarr.tv\/sq\/wp-json\/wp\/v2\/media\/242050"}],"wp:attachment":[{"href":"https:\/\/zjarr.tv\/sq\/wp-json\/wp\/v2\/media?parent=242049"}],"wp:term":[{"taxonomy":"category","embeddable":true,"href":"https:\/\/zjarr.tv\/sq\/wp-json\/wp\/v2\/categories?post=242049"},{"taxonomy":"post_tag","embeddable":true,"href":"https:\/\/zjarr.tv\/sq\/wp-json\/wp\/v2\/tags?post=242049"}],"curies":[{"name":"wp","href":"https:\/\/api.w.org\/{rel}","templated":true}]}}