{"id":242077,"date":"2022-03-08T18:55:24","date_gmt":"2022-03-08T17:55:24","guid":{"rendered":"https:\/\/zjarr.tv\/?p=242077"},"modified":"2022-03-08T18:55:24","modified_gmt":"2022-03-08T17:55:24","slug":"deputeti-demokrat-zbulon-cndodhi-dje-brenda-selise-blu-basha-ishte-i-ftohte-ai-mbajti-5-ore-shenime","status":"publish","type":"post","link":"https:\/\/zjarr.tv\/sq\/deputeti-demokrat-zbulon-cndodhi-dje-brenda-selise-blu-basha-ishte-i-ftohte-ai-mbajti-5-ore-shenime\/","title":{"rendered":"Deputeti demokrat zbulon \u00e7\u2019ndodhi dje brenda selis\u00eb blu: Basha ishte i ftoht\u00eb! Ai mbajti 5 or\u00eb sh\u00ebnime"},"content":{"rendered":"<p>Deputeti i Partis\u00eb Demokratike, Dashnor Sula, ka zbuluar detaje nga mbledhja e zhvilluar dit\u00ebn e djeshme mes kryetarit t\u00eb Partis\u00eb Demokratike, Lulzim Bash\u00ebs dhe deputet\u00ebve demokrat\u00eb. Sula tha se Basha gjat\u00eb 5 or\u00ebve t\u00eb mbledhjes ka mbajtur sh\u00ebnime ato \u00e7far\u00eb deputet\u00ebt i than\u00eb.<\/p>\n<p>\u201cBasha nuk ka b\u00ebr\u00eb debat dhe ka mbajtur sh\u00ebnime p\u00ebr 5 or\u00eb nga fillimi deri n\u00eb fund. Ka qen\u00eb shum\u00eb i ftoht\u00eb. Nuk ka reaguar t\u00eb b\u00ebj\u00eb debat. Ka mbajtur sh\u00ebnime. Shpresoj q\u00eb nga ajo q\u00eb u tha mbr\u00ebm\u00eb, nga irritimi i grupit parlamentar. Vet\u00ebn dy pat\u00ebn nj\u00eb qasje tjet\u00ebr, t\u00eb cil\u00ebt k\u00ebrkuan zgjidhje padiskutim dhe q\u00eb u la q\u00eb do t\u00eb ket\u00eb p\u00ebrs\u00ebri mbledhje. Jam i bindur se brenda jav\u00ebs do t\u00eb ket\u00eb mbledhje t\u00eb tjera.<\/p>\n<p>Kam besim q\u00eb me ato sh\u00ebnime q\u00eb ka mbajtur dhe n\u00ebse do ti lexoj\u00eb, edhe mund ti lexoj\u00eb. Kam besim. N\u00ebse nj\u00eb grup parlamentar apo nj\u00eb ushtri q\u00eb \u00ebsht\u00eb e demoralizuar sigurisht nj\u00eb gjeneral i vet\u00ebm nuk ka \u00e7far\u00eb t\u00eb b\u00ebj\u00eb\u201d, tha Sula n\u00eb nj\u00eb intervist\u00eb p\u00ebr \u201cAbc News\u201d.<\/p>\n","protected":false},"excerpt":{"rendered":"<p>Deputeti i Partis\u00eb Demokratike, Dashnor Sula, ka zbuluar detaje nga mbledhja e zhvilluar dit\u00ebn e djeshme mes kryetarit t\u00eb Partis\u00eb Demokratike, Lulzim Bash\u00ebs dhe deputet\u00ebve demokrat\u00eb. Sula tha se Basha gjat\u00eb 5 or\u00ebve t\u00eb mbledhjes ka mbajtur sh\u00ebnime ato \u00e7far\u00eb deputet\u00ebt i than\u00eb. \u201cBasha nuk ka b\u00ebr\u00eb debat dhe ka mbajtur sh\u00ebnime p\u00ebr 5 or\u00eb [&hellip;]<\/p>\n","protected":false},"author":2030,"featured_media":242078,"comment_status":"closed","ping_status":"closed","sticky":false,"template":"","format":"standard","meta":{"footnotes":""},"categories":[241,3366,5380,231,1454],"tags":[],"class_list":{"0":"post-242077","1":"post","2":"type-post","3":"status-publish","4":"format-standard","5":"has-post-thumbnail","7":"category-aktualitet","8":"category-koment","9":"category-kryesore","10":"category-lajme","11":"category-politike"},"_links":{"self":[{"href":"https:\/\/zjarr.tv\/sq\/wp-json\/wp\/v2\/posts\/242077","targetHints":{"allow":["GET"]}}],"collection":[{"href":"https:\/\/zjarr.tv\/sq\/wp-json\/wp\/v2\/posts"}],"about":[{"href":"https:\/\/zjarr.tv\/sq\/wp-json\/wp\/v2\/types\/post"}],"author":[{"embeddable":true,"href":"https:\/\/zjarr.tv\/sq\/wp-json\/wp\/v2\/users\/2030"}],"replies":[{"embeddable":true,"href":"https:\/\/zjarr.tv\/sq\/wp-json\/wp\/v2\/comments?post=242077"}],"version-history":[{"count":0,"href":"https:\/\/zjarr.tv\/sq\/wp-json\/wp\/v2\/posts\/242077\/revisions"}],"wp:featuredmedia":[{"embeddable":true,"href":"https:\/\/zjarr.tv\/sq\/wp-json\/wp\/v2\/media\/242078"}],"wp:attachment":[{"href":"https:\/\/zjarr.tv\/sq\/wp-json\/wp\/v2\/media?parent=242077"}],"wp:term":[{"taxonomy":"category","embeddable":true,"href":"https:\/\/zjarr.tv\/sq\/wp-json\/wp\/v2\/categories?post=242077"},{"taxonomy":"post_tag","embeddable":true,"href":"https:\/\/zjarr.tv\/sq\/wp-json\/wp\/v2\/tags?post=242077"}],"curies":[{"name":"wp","href":"https:\/\/api.w.org\/{rel}","templated":true}]}}