{"id":242108,"date":"2022-03-09T04:35:54","date_gmt":"2022-03-09T03:35:54","guid":{"rendered":"https:\/\/zjarr.tv\/?p=242108"},"modified":"2022-03-09T04:35:54","modified_gmt":"2022-03-09T03:35:54","slug":"ylli-rakipi-ka-ardhur-momenti-qe-luli-basha-te-merret-zvarre-te-largohet-nga-pd","status":"publish","type":"post","link":"https:\/\/zjarr.tv\/sq\/ylli-rakipi-ka-ardhur-momenti-qe-luli-basha-te-merret-zvarre-te-largohet-nga-pd\/","title":{"rendered":"Ylli Rakipi: Ka ardhur momenti q\u00eb Luli Basha t\u00eb merret zvarr\u00eb, t\u00eb largohet nga PD"},"content":{"rendered":"<p>Gazetari Ylli Rakipi ka komentuar mbr\u00ebmjen e sotme humbjen e radh\u00ebs s\u00eb Partis\u00eb Demokratike n\u00eb 6 Mars, n\u00eb t\u00eb cilat PD doli forc\u00eb e tret\u00eb p\u00ebr her\u00eb t\u00eb par\u00eb n\u00eb historin\u00eb e saj.<\/p>\n<p>AI u shpreh se e vetmja m\u00ebnyr\u00eb p\u00ebr t\u00eb ngritur PD-n\u00eb \u00ebsht\u00eb t\u00eb largohet Basha, madje edhe duke e marr\u00eb zvarr\u00eb n\u00ebse nuk largohet vet\u00eb.<\/p>\n<p>\u201cMund t\u00eb mos ket\u00eb zgjidhje, mbyllet Partia Demokratike fare. Pse duhet t\u00eb ket\u00eb zgjidhje patjet\u00ebr?! Pse ne k\u00ebtu do ta rregullojm\u00eb k\u00ebt\u00eb pun\u00eb?! Nuk ka opozit\u00eb, mund t\u00eb shkoj\u00eb Shqip\u00ebria si pjesa d\u00ebrrmuese e Evrop\u00ebs Lindore, n\u00eb autoritariz\u00ebm. Pra, ashtu si e kan\u00eb b\u00ebr\u00eb t\u00eb tjer\u00ebt Fevzi\u2026<\/p>\n<p>Dhe un\u00eb q\u00eb t\u00eb flas ty dhe ti q\u00eb m\u00eb flet mua, ne jemi shoq\u00ebri e stisur p\u00ebr k\u00ebt\u00eb pun\u00eb dhe t\u00eb b\u00ebjm\u00eb marifete t\u00eb tilla q\u00eb t\u00eb mos e nd\u00ebrtojm\u00eb k\u00ebt\u00eb sistem. Nuk e nd\u00ebrtojm\u00eb dot, shkojm\u00eb drejt autoritarizmit dhe mbetemi vend autoritar. Do t\u00eb rrij\u00eb Edi Rama sa t\u00eb doj\u00eb, deri n\u00eb plakjen e tij t\u00eb vonshme, mund t\u00eb vij\u00eb i biri i tij dhe t\u00eb gjith\u00eb k\u00ebta t\u00eb vazhdojn\u00eb Luli Basha. <\/p>\n<p>Por t\u00eb gjith\u00eb k\u00ebta bashk\u00eb kan\u00eb nj\u00eb konkluzion: <\/p>\n<p>Tani ka ardhur momenti q\u00eb Luli Basha t\u00eb merret zvarr\u00eb, largohet nga aty, t\u00eb hapet procesi, t\u00eb mbushet Partia Demokratike, t\u00eb hyjn\u00eb t\u00eb gjith\u00eb njer\u00ebzit dhe t\u00eb filloj\u00eb gara, por jo me k\u00ebta njer\u00ebz q\u00eb ishin\u201d, tha Rakipi.<\/p>\n","protected":false},"excerpt":{"rendered":"<p>Gazetari Ylli Rakipi ka komentuar mbr\u00ebmjen e sotme humbjen e radh\u00ebs s\u00eb Partis\u00eb Demokratike n\u00eb 6 Mars, n\u00eb t\u00eb cilat PD doli forc\u00eb e tret\u00eb p\u00ebr her\u00eb t\u00eb par\u00eb n\u00eb historin\u00eb e saj. AI u shpreh se e vetmja m\u00ebnyr\u00eb p\u00ebr t\u00eb ngritur PD-n\u00eb \u00ebsht\u00eb t\u00eb largohet Basha, madje edhe duke e marr\u00eb zvarr\u00eb n\u00ebse [&hellip;]<\/p>\n","protected":false},"author":2031,"featured_media":241967,"comment_status":"closed","ping_status":"closed","sticky":false,"template":"","format":"standard","meta":{"footnotes":""},"categories":[235],"tags":[312,5858,458],"class_list":{"0":"post-242108","1":"post","2":"type-post","3":"status-publish","4":"format-standard","5":"has-post-thumbnail","7":"category-vendi","8":"tag-lajme","9":"tag-ylli-rakipi","10":"tag-zjarrtv"},"_links":{"self":[{"href":"https:\/\/zjarr.tv\/sq\/wp-json\/wp\/v2\/posts\/242108","targetHints":{"allow":["GET"]}}],"collection":[{"href":"https:\/\/zjarr.tv\/sq\/wp-json\/wp\/v2\/posts"}],"about":[{"href":"https:\/\/zjarr.tv\/sq\/wp-json\/wp\/v2\/types\/post"}],"author":[{"embeddable":true,"href":"https:\/\/zjarr.tv\/sq\/wp-json\/wp\/v2\/users\/2031"}],"replies":[{"embeddable":true,"href":"https:\/\/zjarr.tv\/sq\/wp-json\/wp\/v2\/comments?post=242108"}],"version-history":[{"count":0,"href":"https:\/\/zjarr.tv\/sq\/wp-json\/wp\/v2\/posts\/242108\/revisions"}],"wp:featuredmedia":[{"embeddable":true,"href":"https:\/\/zjarr.tv\/sq\/wp-json\/wp\/v2\/media\/241967"}],"wp:attachment":[{"href":"https:\/\/zjarr.tv\/sq\/wp-json\/wp\/v2\/media?parent=242108"}],"wp:term":[{"taxonomy":"category","embeddable":true,"href":"https:\/\/zjarr.tv\/sq\/wp-json\/wp\/v2\/categories?post=242108"},{"taxonomy":"post_tag","embeddable":true,"href":"https:\/\/zjarr.tv\/sq\/wp-json\/wp\/v2\/tags?post=242108"}],"curies":[{"name":"wp","href":"https:\/\/api.w.org\/{rel}","templated":true}]}}