{"id":242732,"date":"2022-03-10T18:51:01","date_gmt":"2022-03-10T17:51:01","guid":{"rendered":"https:\/\/zjarr.tv\/?p=242732"},"modified":"2022-03-10T18:51:01","modified_gmt":"2022-03-10T17:51:01","slug":"njerezit-skane-buke-te-hane-ti-shkon-ne-dubai-merr-me-vete-edhe-tre-ministra-artisti-osman-mula-ironizon-ramen-kur-rrezuam-enver-hoxhen-nuk-e-kemi-problem-te-te-rrezojme","status":"publish","type":"post","link":"https:\/\/zjarr.tv\/sq\/njerezit-skane-buke-te-hane-ti-shkon-ne-dubai-merr-me-vete-edhe-tre-ministra-artisti-osman-mula-ironizon-ramen-kur-rrezuam-enver-hoxhen-nuk-e-kemi-problem-te-te-rrezojme\/","title":{"rendered":"\u201cNjer\u00ebzit s\u2019kan\u00eb buk\u00eb t\u00eb han\u00eb ti shkon n\u00eb Dubai, merr me vete edhe tre ministra\u201d- Artisti Osman Mula ironizon Ram\u00ebn: Kur rr\u00ebzuam Enver Hoxh\u00ebn, nuk e kemi problem t\u00eb t\u00eb rr\u00ebzojm\u00eb ty"},"content":{"rendered":"<p>Protesta e sotme kishte t\u00eb pranish\u00ebm edhe artist\u00eb, mes tyre edhe Osman Mul\u00ebn, i cili tha se rinia n\u00eb Shqip\u00ebri \u00ebsht\u00eb larguar, nd\u00ebrsa nj\u00eb pjes\u00eb e tyre q\u00eb dalin n\u00eb protesta arrestohen nga policia.<\/p>\n<p>Osman Mula i b\u00ebri thirrje kryeministri q\u00eb t\u00eb reflektoj\u00eb dhe t\u00eb bisedoj\u00eb me qytetar\u00ebt dhe mos i b\u00ebj\u00eb karshillik, duke shkuar n\u00eb Dubai me lek\u00ebt e popullit.<\/p>\n<p>Ai u shpreh se njer\u00ebzit nuk kan\u00eb buk\u00eb t\u00eb han\u00eb, ndaj ashtu si\u00e7 e rr\u00ebzuan Enver Hoxh\u00ebn edhe Edi Ram\u00ebn mund ta rr\u00ebzojn\u00eb.<\/p>\n<p>\u201cP\u00ebrsh\u00ebndetje rini e mrekullueshme. Sepse nj\u00eb pjes\u00eb e madhe e rinis\u00eb ka ikur, k\u00ebt\u00eb pjes\u00ebn k\u00ebtu, policia q\u00eb dikur thoshim \u00ebsht\u00eb me ne i marrte zvarr\u00eb dhe i fuste n\u00eb furgona.<\/p>\n<p>\u00cbsht\u00eb krim q\u00eb ti marr\u00ebsh\u00a0 njer\u00ebzit n\u00ebp\u00ebr mitingje, p\u00ebr k\u00ebta q\u00eb ka shkruar Migjeni dikur, ti marr\u00ebsh dhe ti arrestosh \u00ebsht\u00eb fytyra e nj\u00eb shteti nervoz q\u00eb ka arm\u00ebn kryesore urrejtjen dhe dhun\u00ebn. Erdha nga sht\u00ebpia se kur pash\u00eb nj\u00eb grua q\u00eb foli disa her\u00eb, q\u00eb ka 100 mij\u00eb leke pensionin, 60 mij\u00eb lek\u00eb paguante dritat, si mundet ajo t\u00eb rris\u00eb f\u00ebmij\u00ebt.<\/p>\n<p>I them grosisteve, nga e gjet\u00ebt kaq shpejt\u00eb urrejtjen, ju nuk ishit duke vdekur p\u00ebr kafshat\u00ebn e goj\u00ebs, e rritet karburantin tre her\u00eb brenda dit\u00ebs.<\/p>\n<p>Prandaj jeni ju dritat e t\u00eb ardhmes. Ne jemi ata q\u00eb kemi hedhur Enverin, nuk e kemi problem t\u00eb t\u00eb hedhim edhe ty o burri i dheut. E ke gjith\u00eb popullin k\u00ebtu. Njer\u00ebzit nuk kan\u00eb nuk t\u00eb han\u00eb dhe ti i b\u00ebn karshillik, shkon n\u00eb Dubai, merr edhe tre ministra me vete, me \u00e7far\u00eb lek\u00eb ke shkuar, me taksat e popullit Pse\u00a0 nuk ul\u00ebsh t\u00eb flas\u00ebsh me popullin\u201d, tha Mula.<\/p>\n","protected":false},"excerpt":{"rendered":"<p>Protesta e sotme kishte t\u00eb pranish\u00ebm edhe artist\u00eb, mes tyre edhe Osman Mul\u00ebn, i cili tha se rinia n\u00eb Shqip\u00ebri \u00ebsht\u00eb larguar, nd\u00ebrsa nj\u00eb pjes\u00eb e tyre q\u00eb dalin n\u00eb protesta arrestohen nga policia. Osman Mula i b\u00ebri thirrje kryeministri q\u00eb t\u00eb reflektoj\u00eb dhe t\u00eb bisedoj\u00eb me qytetar\u00ebt dhe mos i b\u00ebj\u00eb karshillik, duke shkuar [&hellip;]<\/p>\n","protected":false},"author":2030,"featured_media":242733,"comment_status":"closed","ping_status":"closed","sticky":false,"template":"","format":"standard","meta":{"footnotes":""},"categories":[241,3366,5380,231],"tags":[],"class_list":{"0":"post-242732","1":"post","2":"type-post","3":"status-publish","4":"format-standard","5":"has-post-thumbnail","7":"category-aktualitet","8":"category-koment","9":"category-kryesore","10":"category-lajme"},"_links":{"self":[{"href":"https:\/\/zjarr.tv\/sq\/wp-json\/wp\/v2\/posts\/242732","targetHints":{"allow":["GET"]}}],"collection":[{"href":"https:\/\/zjarr.tv\/sq\/wp-json\/wp\/v2\/posts"}],"about":[{"href":"https:\/\/zjarr.tv\/sq\/wp-json\/wp\/v2\/types\/post"}],"author":[{"embeddable":true,"href":"https:\/\/zjarr.tv\/sq\/wp-json\/wp\/v2\/users\/2030"}],"replies":[{"embeddable":true,"href":"https:\/\/zjarr.tv\/sq\/wp-json\/wp\/v2\/comments?post=242732"}],"version-history":[{"count":0,"href":"https:\/\/zjarr.tv\/sq\/wp-json\/wp\/v2\/posts\/242732\/revisions"}],"wp:featuredmedia":[{"embeddable":true,"href":"https:\/\/zjarr.tv\/sq\/wp-json\/wp\/v2\/media\/242733"}],"wp:attachment":[{"href":"https:\/\/zjarr.tv\/sq\/wp-json\/wp\/v2\/media?parent=242732"}],"wp:term":[{"taxonomy":"category","embeddable":true,"href":"https:\/\/zjarr.tv\/sq\/wp-json\/wp\/v2\/categories?post=242732"},{"taxonomy":"post_tag","embeddable":true,"href":"https:\/\/zjarr.tv\/sq\/wp-json\/wp\/v2\/tags?post=242732"}],"curies":[{"name":"wp","href":"https:\/\/api.w.org\/{rel}","templated":true}]}}