{"id":242736,"date":"2022-03-10T18:55:30","date_gmt":"2022-03-10T17:55:30","guid":{"rendered":"https:\/\/zjarr.tv\/?p=242736"},"modified":"2022-03-10T18:55:30","modified_gmt":"2022-03-10T17:55:30","slug":"rama-pasurohet-cmimet-dyfishohen-qytetaret-thirrje-kryeministrit-nuk-mund-te-diskutojme-ne-rrjetet-sociale-ja-ku-jemi-ketu","status":"publish","type":"post","link":"https:\/\/zjarr.tv\/sq\/rama-pasurohet-cmimet-dyfishohen-qytetaret-thirrje-kryeministrit-nuk-mund-te-diskutojme-ne-rrjetet-sociale-ja-ku-jemi-ketu\/","title":{"rendered":"\u201cRama pasurohet, \u00e7mimet dyfishohen\u201d- Qytetar\u00ebt thirrje kryeministrit: Nuk mund t\u00eb diskutojm\u00eb n\u00eb rrjetet sociale, ja ku jemi k\u00ebtu!"},"content":{"rendered":"<p>Me thirrjet \u201cRama pasurohet, \u00e7mimet dyfishohen\u201d qytetar\u00ebt kan\u00eb dal\u00eb s\u00ebrish sot n\u00eb protest\u00eb para kryeministris\u00eb. Ata i kan\u00eb k\u00ebrkuar kreut t\u00eb qeveris\u00eb q\u00eb t\u00eb ul\u00eb \u00e7mimet dhe taksat.<\/p>\n<p>Nd\u00ebrkoh\u00eb i b\u00ebjn\u00eb thirrje Ram\u00ebs q\u00eb t\u00eb mos diskutoj\u00eb me njer\u00ebzit n\u00eb rrjetet sociale, por flas\u00eb direkt. \u201cNe jemi k\u00ebtu\u201d, tha nj\u00ebri prej protestuesve.<\/p>\n<p>\u201cNe e pam\u00eb q\u00eb p\u00ebsoi nj\u00eb r\u00ebnie, ju duhet ta kuptoni q\u00eb n\u00ebse dje dol\u00ebm p\u00ebr ti ndalur, sot i kemi v\u00ebn\u00eb p\u00ebrpara<\/p>\n<p>Kjo qeveri duhet t\u00eb liroj\u00eb naft\u00ebn nga taksat q\u00eb po i marrin frym\u00ebn. Taksa e qarkullimit sot do t\u00eb duhet t\u00eb hiqet, p\u00ebr aq koh\u00eb sa jemi n\u00eb kriz\u00eb.<\/p>\n<p>Ja ku jemi t\u00eb gjith\u00eb, nuk mund t\u00eb komunikohet nga rrjetet sociale. Ja ku jemi t\u00eb gjith\u00eb\u201d, tha protestuesi.<\/p>\n","protected":false},"excerpt":{"rendered":"<p>Me thirrjet \u201cRama pasurohet, \u00e7mimet dyfishohen\u201d qytetar\u00ebt kan\u00eb dal\u00eb s\u00ebrish sot n\u00eb protest\u00eb para kryeministris\u00eb. Ata i kan\u00eb k\u00ebrkuar kreut t\u00eb qeveris\u00eb q\u00eb t\u00eb ul\u00eb \u00e7mimet dhe taksat. Nd\u00ebrkoh\u00eb i b\u00ebjn\u00eb thirrje Ram\u00ebs q\u00eb t\u00eb mos diskutoj\u00eb me njer\u00ebzit n\u00eb rrjetet sociale, por flas\u00eb direkt. \u201cNe jemi k\u00ebtu\u201d, tha nj\u00ebri prej protestuesve. \u201cNe e pam\u00eb [&hellip;]<\/p>\n","protected":false},"author":2030,"featured_media":242737,"comment_status":"closed","ping_status":"closed","sticky":false,"template":"","format":"standard","meta":{"footnotes":""},"categories":[241,3366,5380,231],"tags":[],"class_list":{"0":"post-242736","1":"post","2":"type-post","3":"status-publish","4":"format-standard","5":"has-post-thumbnail","7":"category-aktualitet","8":"category-koment","9":"category-kryesore","10":"category-lajme"},"_links":{"self":[{"href":"https:\/\/zjarr.tv\/sq\/wp-json\/wp\/v2\/posts\/242736","targetHints":{"allow":["GET"]}}],"collection":[{"href":"https:\/\/zjarr.tv\/sq\/wp-json\/wp\/v2\/posts"}],"about":[{"href":"https:\/\/zjarr.tv\/sq\/wp-json\/wp\/v2\/types\/post"}],"author":[{"embeddable":true,"href":"https:\/\/zjarr.tv\/sq\/wp-json\/wp\/v2\/users\/2030"}],"replies":[{"embeddable":true,"href":"https:\/\/zjarr.tv\/sq\/wp-json\/wp\/v2\/comments?post=242736"}],"version-history":[{"count":0,"href":"https:\/\/zjarr.tv\/sq\/wp-json\/wp\/v2\/posts\/242736\/revisions"}],"wp:featuredmedia":[{"embeddable":true,"href":"https:\/\/zjarr.tv\/sq\/wp-json\/wp\/v2\/media\/242737"}],"wp:attachment":[{"href":"https:\/\/zjarr.tv\/sq\/wp-json\/wp\/v2\/media?parent=242736"}],"wp:term":[{"taxonomy":"category","embeddable":true,"href":"https:\/\/zjarr.tv\/sq\/wp-json\/wp\/v2\/categories?post=242736"},{"taxonomy":"post_tag","embeddable":true,"href":"https:\/\/zjarr.tv\/sq\/wp-json\/wp\/v2\/tags?post=242736"}],"curies":[{"name":"wp","href":"https:\/\/api.w.org\/{rel}","templated":true}]}}