{"id":242744,"date":"2022-03-10T19:00:08","date_gmt":"2022-03-10T18:00:08","guid":{"rendered":"https:\/\/zjarr.tv\/?p=242744"},"modified":"2022-03-10T19:00:08","modified_gmt":"2022-03-10T18:00:08","slug":"artan-hoxha-nxjerr-foton-qe-po-thyen-rrjetin-i-ben-thirrjen-publike-kryeministrit-rama","status":"publish","type":"post","link":"https:\/\/zjarr.tv\/sq\/artan-hoxha-nxjerr-foton-qe-po-thyen-rrjetin-i-ben-thirrjen-publike-kryeministrit-rama\/","title":{"rendered":"Artan Hoxha nxjerr foton q\u00eb po thyen rrjetin, i b\u00ebn thirrjen publike kryeministrit Rama"},"content":{"rendered":"<p>Gazetari Artan Hoxha ka b\u00ebr\u00eb nj\u00eb reagim ironik n\u00eb rrjetet sociale ndaj kryeministrit Rama. Ky reagim vjen n\u00eb momentin kur para kryeministris\u00eb po zhvillohet nj\u00eb protest\u00eb qytetare kund\u00ebr rritjes rekord t\u00eb karburanteve.<\/p>\n<p>\u201cO komandant, thirri mendjes, se te ka marre gomari mbrapsht\u2026\u201d, shkruan Hoxha.<\/p>\n<p><img loading=\"lazy\" decoding=\"async\" class=\"alignnone size-medium wp-image-242745\" src=\"https:\/\/zjarr.tv\/wp-content\/uploads\/2022\/03\/Untitled-design-2022-03-10T185933.837-300x251.jpg\" alt=\"\" width=\"300\" height=\"251\" srcset=\"https:\/\/zjarr.tv\/wp-content\/uploads\/2022\/03\/Untitled-design-2022-03-10T185933.837-300x251.jpg 300w, https:\/\/zjarr.tv\/wp-content\/uploads\/2022\/03\/Untitled-design-2022-03-10T185933.837-768x644.jpg 768w, https:\/\/zjarr.tv\/wp-content\/uploads\/2022\/03\/Untitled-design-2022-03-10T185933.837-696x583.jpg 696w, https:\/\/zjarr.tv\/wp-content\/uploads\/2022\/03\/Untitled-design-2022-03-10T185933.837-501x420.jpg 501w, https:\/\/zjarr.tv\/wp-content\/uploads\/2022\/03\/Untitled-design-2022-03-10T185933.837.jpg 940w\" sizes=\"auto, (max-width: 300px) 100vw, 300px\" \/><\/p>\n","protected":false},"excerpt":{"rendered":"<p>Gazetari Artan Hoxha ka b\u00ebr\u00eb nj\u00eb reagim ironik n\u00eb rrjetet sociale ndaj kryeministrit Rama. Ky reagim vjen n\u00eb momentin kur para kryeministris\u00eb po zhvillohet nj\u00eb protest\u00eb qytetare kund\u00ebr rritjes rekord t\u00eb karburanteve. \u201cO komandant, thirri mendjes, se te ka marre gomari mbrapsht\u2026\u201d, shkruan Hoxha.<\/p>\n","protected":false},"author":2030,"featured_media":183698,"comment_status":"closed","ping_status":"closed","sticky":false,"template":"","format":"standard","meta":{"footnotes":""},"categories":[241,3366],"tags":[],"class_list":{"0":"post-242744","1":"post","2":"type-post","3":"status-publish","4":"format-standard","5":"has-post-thumbnail","7":"category-aktualitet","8":"category-koment"},"_links":{"self":[{"href":"https:\/\/zjarr.tv\/sq\/wp-json\/wp\/v2\/posts\/242744","targetHints":{"allow":["GET"]}}],"collection":[{"href":"https:\/\/zjarr.tv\/sq\/wp-json\/wp\/v2\/posts"}],"about":[{"href":"https:\/\/zjarr.tv\/sq\/wp-json\/wp\/v2\/types\/post"}],"author":[{"embeddable":true,"href":"https:\/\/zjarr.tv\/sq\/wp-json\/wp\/v2\/users\/2030"}],"replies":[{"embeddable":true,"href":"https:\/\/zjarr.tv\/sq\/wp-json\/wp\/v2\/comments?post=242744"}],"version-history":[{"count":0,"href":"https:\/\/zjarr.tv\/sq\/wp-json\/wp\/v2\/posts\/242744\/revisions"}],"wp:featuredmedia":[{"embeddable":true,"href":"https:\/\/zjarr.tv\/sq\/wp-json\/wp\/v2\/media\/183698"}],"wp:attachment":[{"href":"https:\/\/zjarr.tv\/sq\/wp-json\/wp\/v2\/media?parent=242744"}],"wp:term":[{"taxonomy":"category","embeddable":true,"href":"https:\/\/zjarr.tv\/sq\/wp-json\/wp\/v2\/categories?post=242744"},{"taxonomy":"post_tag","embeddable":true,"href":"https:\/\/zjarr.tv\/sq\/wp-json\/wp\/v2\/tags?post=242744"}],"curies":[{"name":"wp","href":"https:\/\/api.w.org\/{rel}","templated":true}]}}