{"id":242757,"date":"2022-03-11T04:43:58","date_gmt":"2022-03-11T03:43:58","guid":{"rendered":"https:\/\/zjarr.tv\/?p=242757"},"modified":"2022-03-11T04:43:58","modified_gmt":"2022-03-11T03:43:58","slug":"kryetare-e-ardhshme-e-pd-se-flet-grida-duma-nuk-e-di-por-ne-partine-demokratike-ka-pushtet-per-ta-ndare-shume-persona","status":"publish","type":"post","link":"https:\/\/zjarr.tv\/sq\/kryetare-e-ardhshme-e-pd-se-flet-grida-duma-nuk-e-di-por-ne-partine-demokratike-ka-pushtet-per-ta-ndare-shume-persona\/","title":{"rendered":"Kryetare e ardhshme e PD-s\u00eb? Flet Grida Duma: Nuk e di, por n\u00eb Partin\u00eb Demokratike ka pushtet p\u00ebr ta ndar\u00eb shum\u00eb persona"},"content":{"rendered":"<p>Deputetja Grida Duma ka th\u00ebn\u00eb se nuke di n\u00ebse do t\u00eb kandidoj\u00eb p\u00ebr t\u2019u b\u00ebr\u00eb kryetare e Partis\u00eb Dmeokratike, n\u00eb rast se zhvillohen zgjedhje t\u00eb reja brenda partis\u00eb.<\/p>\n<p>Sipas saj, n\u00eb PD ka pushtet p\u00ebr ta ndar\u00eb mes shum\u00eb njer\u00ebzve, teksa shtoi se tendenca p\u00ebr ta ndar\u00eb pushtetin mes 4-5 njer\u00ebzve e ka shkat\u00ebrruar partin\u00eb.<\/p>\n<p>\u201cNuk e di sot, nuk mund ta di sot. Nuk mendoj se \u00ebsht\u00eb e thjesht t\u00eb marr\u00ebsh sot PD-n\u00eb dhe t\u00eb ringresh. Un\u00eb besoj se n\u00eb at\u00eb parti ka p\u00ebr t\u00eb ndar\u00eb shum\u00eb. Tendenca p\u00ebr ta ndar\u00eb n\u00eb 4-5 veta e ka shkat\u00ebrruar.<\/p>\n<p>Ka aty pushtet p\u00ebr shum\u00eb. Ne duhet ta ngrem\u00eb frym\u00ebn t\u00eb tipit q\u00eb kushdo q\u00eb t\u00eb fitoj\u00eb, do t\u00eb na ket\u00eb mbrapa p\u00ebr ta ringritur at\u00eb parti\u201d, tha Duma n\u00eb \u201cOpinion\u201d.<\/p>\n","protected":false},"excerpt":{"rendered":"<p>Deputetja Grida Duma ka th\u00ebn\u00eb se nuke di n\u00ebse do t\u00eb kandidoj\u00eb p\u00ebr t\u2019u b\u00ebr\u00eb kryetare e Partis\u00eb Dmeokratike, n\u00eb rast se zhvillohen zgjedhje t\u00eb reja brenda partis\u00eb. Sipas saj, n\u00eb PD ka pushtet p\u00ebr ta ndar\u00eb mes shum\u00eb njer\u00ebzve, teksa shtoi se tendenca p\u00ebr ta ndar\u00eb pushtetin mes 4-5 njer\u00ebzve e ka shkat\u00ebrruar partin\u00eb. [&hellip;]<\/p>\n","protected":false},"author":2031,"featured_media":188666,"comment_status":"closed","ping_status":"closed","sticky":false,"template":"","format":"standard","meta":{"footnotes":""},"categories":[231,235],"tags":[],"class_list":{"0":"post-242757","1":"post","2":"type-post","3":"status-publish","4":"format-standard","5":"has-post-thumbnail","7":"category-lajme","8":"category-vendi"},"_links":{"self":[{"href":"https:\/\/zjarr.tv\/sq\/wp-json\/wp\/v2\/posts\/242757","targetHints":{"allow":["GET"]}}],"collection":[{"href":"https:\/\/zjarr.tv\/sq\/wp-json\/wp\/v2\/posts"}],"about":[{"href":"https:\/\/zjarr.tv\/sq\/wp-json\/wp\/v2\/types\/post"}],"author":[{"embeddable":true,"href":"https:\/\/zjarr.tv\/sq\/wp-json\/wp\/v2\/users\/2031"}],"replies":[{"embeddable":true,"href":"https:\/\/zjarr.tv\/sq\/wp-json\/wp\/v2\/comments?post=242757"}],"version-history":[{"count":0,"href":"https:\/\/zjarr.tv\/sq\/wp-json\/wp\/v2\/posts\/242757\/revisions"}],"wp:featuredmedia":[{"embeddable":true,"href":"https:\/\/zjarr.tv\/sq\/wp-json\/wp\/v2\/media\/188666"}],"wp:attachment":[{"href":"https:\/\/zjarr.tv\/sq\/wp-json\/wp\/v2\/media?parent=242757"}],"wp:term":[{"taxonomy":"category","embeddable":true,"href":"https:\/\/zjarr.tv\/sq\/wp-json\/wp\/v2\/categories?post=242757"},{"taxonomy":"post_tag","embeddable":true,"href":"https:\/\/zjarr.tv\/sq\/wp-json\/wp\/v2\/tags?post=242757"}],"curies":[{"name":"wp","href":"https:\/\/api.w.org\/{rel}","templated":true}]}}