{"id":242764,"date":"2022-03-11T04:52:54","date_gmt":"2022-03-11T03:52:54","guid":{"rendered":"https:\/\/zjarr.tv\/?p=242764"},"modified":"2022-03-11T04:52:54","modified_gmt":"2022-03-11T03:52:54","slug":"roland-bejko-do-te-ishte-e-pamoralshme-qe-deputetet-qe-dhane-doreheqjen-ti-bashkohen-berishes","status":"publish","type":"post","link":"https:\/\/zjarr.tv\/sq\/roland-bejko-do-te-ishte-e-pamoralshme-qe-deputetet-qe-dhane-doreheqjen-ti-bashkohen-berishes\/","title":{"rendered":"Roland Bejko: Do t\u00eb ishte e pamoralshme q\u00eb deputet\u00ebt q\u00eb dhan\u00eb dor\u00ebheqjen t\u2019i bashkohen Berish\u00ebs"},"content":{"rendered":"<p>Kreu i Partis\u00eb Demokratike n\u00eb Gjirokast\u00ebr, Roland Bejko, u shpreh mbr\u00ebmjen e sotme se do t\u00eb ishte e pamoralshme q\u00eb deputet\u00ebt q\u00eb dhan\u00eb dor\u00ebheqjen pas humbjes n\u00eb zgjehdjet e 6 Marsit t\u2019i bashkoheshin Sali Berish\u00ebs.<\/p>\n<p>Ai tha se deklarata e Bash\u00ebs se nuk kishte humbur asnj\u00eb gar\u00eb i p\u00ebrkeq\u00ebsoi gj\u00ebrat n\u00eb parti, teksa shtoi se kryedemokrati duhet t\u00eb ishte i p\u00ebrgatitur p\u00ebr k\u00ebt\u00eb faz\u00eb.<\/p>\n<p>\u201cQytetar\u00ebt jan\u00eb duke rr\u00ebzuar Ram\u00ebn, nd\u00ebrsa demokrat\u00ebt po rr\u00ebzojn\u00eb PD-n\u00eb edhe m\u00eb keq. Po t\u00eb p\u00ebrs\u00ebriteshin votimet, PD do dilte dhe m\u00eb keq, se \u00ebsht\u00eb jasht\u00eb ritmit q\u00eb presin demokrat\u00ebt. K\u00ebtu duhet t\u00eb nis\u00eb reflektimi, si t\u00eb rifitojm\u00eb qytetar\u00ebt. Dihet q\u00eb PD \u00ebsht\u00eb n\u00eb dit\u00ebt m\u00eb t\u00eb v\u00ebshtira. Tani \u00ebsht\u00eb lufta se kush do fitoj\u00eb grupin parlamentar. Berisha e ka paracaktuar vendin e tij si kryetar se ka th\u00ebn\u00eb q\u00eb data 6 riktheu Berish\u00ebn n\u00eb politik\u00eb. Kur thot\u00eb k\u00ebt\u00eb e ka p\u00ebr kryesin\u00eb e PD-s\u00eb,\u201d tha Bejko.<\/p>\n<p>\u00c7far\u00eb duhet t\u00eb b\u00ebj\u00eb Basha?<\/p>\n<p>Bejko: N\u00eb rast se deputet\u00ebt q\u00eb jan\u00eb shprehur p\u00ebr largimin e Bash\u00ebs, e kan\u00eb b\u00ebr\u00eb k\u00ebt\u00eb dhe shkojn\u00eb me Berish\u00ebn, kjo \u00ebsht\u00eb e pamoralshme, se i \u00e7ojn\u00eb nj\u00eb trofe Berish\u00ebs. N\u00eb rast se k\u00ebta deputet\u00eb q\u00ebndrojn\u00eb n\u00eb PD dhe pretendojn\u00eb q\u00eb t\u00eb hapet gara brenda partis\u00eb, at\u00ebher\u00eb kjo \u00ebsht\u00eb e drejt\u00eb, e moralshme dhe normale.<\/p>\n<p>Basha duhet t\u00eb ishte i p\u00ebrgatitur p\u00ebr k\u00ebt\u00eb situat\u00eb dhe fraz\u00ebn q\u00eb \u201cskam humbur asnj\u00eb gar\u00eb\u201d i p\u00ebrkeq\u00ebsoi gj\u00ebrat se tregon q\u00eb nuk ka nj\u00eb projekt t\u00eb qart\u00eb p\u00ebr t\u00eb ardhmen<\/p>\n","protected":false},"excerpt":{"rendered":"<p>Kreu i Partis\u00eb Demokratike n\u00eb Gjirokast\u00ebr, Roland Bejko, u shpreh mbr\u00ebmjen e sotme se do t\u00eb ishte e pamoralshme q\u00eb deputet\u00ebt q\u00eb dhan\u00eb dor\u00ebheqjen pas humbjes n\u00eb zgjehdjet e 6 Marsit t\u2019i bashkoheshin Sali Berish\u00ebs. Ai tha se deklarata e Bash\u00ebs se nuk kishte humbur asnj\u00eb gar\u00eb i p\u00ebrkeq\u00ebsoi gj\u00ebrat n\u00eb parti, teksa shtoi se [&hellip;]<\/p>\n","protected":false},"author":2031,"featured_media":214692,"comment_status":"closed","ping_status":"closed","sticky":false,"template":"","format":"standard","meta":{"footnotes":""},"categories":[231],"tags":[],"class_list":{"0":"post-242764","1":"post","2":"type-post","3":"status-publish","4":"format-standard","5":"has-post-thumbnail","7":"category-lajme"},"_links":{"self":[{"href":"https:\/\/zjarr.tv\/sq\/wp-json\/wp\/v2\/posts\/242764","targetHints":{"allow":["GET"]}}],"collection":[{"href":"https:\/\/zjarr.tv\/sq\/wp-json\/wp\/v2\/posts"}],"about":[{"href":"https:\/\/zjarr.tv\/sq\/wp-json\/wp\/v2\/types\/post"}],"author":[{"embeddable":true,"href":"https:\/\/zjarr.tv\/sq\/wp-json\/wp\/v2\/users\/2031"}],"replies":[{"embeddable":true,"href":"https:\/\/zjarr.tv\/sq\/wp-json\/wp\/v2\/comments?post=242764"}],"version-history":[{"count":0,"href":"https:\/\/zjarr.tv\/sq\/wp-json\/wp\/v2\/posts\/242764\/revisions"}],"wp:featuredmedia":[{"embeddable":true,"href":"https:\/\/zjarr.tv\/sq\/wp-json\/wp\/v2\/media\/214692"}],"wp:attachment":[{"href":"https:\/\/zjarr.tv\/sq\/wp-json\/wp\/v2\/media?parent=242764"}],"wp:term":[{"taxonomy":"category","embeddable":true,"href":"https:\/\/zjarr.tv\/sq\/wp-json\/wp\/v2\/categories?post=242764"},{"taxonomy":"post_tag","embeddable":true,"href":"https:\/\/zjarr.tv\/sq\/wp-json\/wp\/v2\/tags?post=242764"}],"curies":[{"name":"wp","href":"https:\/\/api.w.org\/{rel}","templated":true}]}}