{"id":242769,"date":"2022-03-11T04:57:31","date_gmt":"2022-03-11T03:57:31","guid":{"rendered":"https:\/\/zjarr.tv\/?p=242769"},"modified":"2022-03-11T04:57:31","modified_gmt":"2022-03-11T03:57:31","slug":"basha-ka-tejkaluar-vijen-e-kuqe-berisha-tregon-nese-do-te-pranoje-te-bashkepunoje-me-deputetet-qe-kane-folur-kunder-tij","status":"publish","type":"post","link":"https:\/\/zjarr.tv\/sq\/basha-ka-tejkaluar-vijen-e-kuqe-berisha-tregon-nese-do-te-pranoje-te-bashkepunoje-me-deputetet-qe-kane-folur-kunder-tij\/","title":{"rendered":"\u201cBasha ka tejkaluar vij\u00ebn e kuqe\u201d, Berisha tregon n\u00ebse do t\u00eb pranoj\u00eb t\u00eb bashk\u00ebpunoj\u00eb me deputet\u00ebt q\u00eb kan\u00eb folur kund\u00ebr tij"},"content":{"rendered":"<p>Ish-kryeministri Sali Berisha \u00ebsht\u00eb shprehur mbr\u00ebmjen e sotme se Lulzim Basha e ka tejkaluar vij\u00ebn e kuqe n\u00eb q\u00ebndrimin ndaj Partis\u00eb Demokratike, ndaj p\u00ebr k\u00ebt\u00eb arsye nuk do ta ftoj\u00eb at\u00eb p\u00ebr t\u00eb gjetur nj\u00eb zgjidhje t\u00eb p\u00ebrbashk\u00ebt, por shtoi se Basha mund t\u00eb kandidoj\u00eb p\u00ebrs\u00ebri p\u00ebr t\u2019u zgjedhur kryetar i PD-s\u00eb.<\/p>\n<p>I pyetur n\u00ebse do t\u2019i pranoj\u00eb s\u00ebrish deputet\u00ebt demokrat\u00eb q\u00eb kan\u00eb folur kund\u00ebr tij, Berisha tha se ata jan\u00eb t\u00eb mir\u00ebpritur p\u00ebr t\u00eb vazhduar luft\u00ebn ndaj qeveris\u00eb.<\/p>\n<p>\u201cZgjidhja m\u00eb e shk\u00eblqyer \u00ebsht\u00eb kompletimi i procesit t\u00eb nisur dhe zbatimi i statutit t\u00eb 11 Dhjetorit, i cili ka rikthyer vot\u00ebn e lir\u00eb n\u00eb themel t\u00eb PD-s\u00eb dhe veprimtaris\u00eb s\u00eb k\u00ebsaj partie. N\u00eb rast se kjo q\u00eb ndodhi, ose 6 Marsi, ishte pik\u00ebrisht triumfi i asaj reforme dhe revolucioni q\u00eb riktheu vot\u00ebn n\u00eb PD. N\u00eb k\u00ebt\u00eb kontekst, PD ngelet e hapur ndaj secilit drejtues, deputet, aktivist, an\u00ebtar, i cili p\u00ebr nj\u00eb arsye apo nj\u00eb tjet\u00ebr, nuk u bashkua me t\u00eb para dat\u00ebs 6 Mars. PD me gjith\u00eb rr\u00ebmbimin e logos, mori 31% t\u00eb elektroatit shqiptar dhe 71% t\u00eb elektoratit opozitar, kurse logoja e saj e konfiskuar nga Edi Rama mori 13%. <\/p>\n<p>N\u00eb k\u00ebt\u00eb kontekst, PD bashk\u00eb me LSI-n\u00eb, jan\u00eb fiks n\u00eb kuot\u00ebn e 25 Prillit, e cila nuk \u00ebsht\u00eb fituese, por po t\u00eb kemi parasysh q\u00eb zhvillohen 5-6 muaj pas zgjedhjeve t\u00eb p\u00ebrgjithshme, zhvillohen vet\u00ebm p\u00ebr kandidat\u00ebt e bahskis\u00eb, pa k\u00ebshilla bashkiak\u00eb.<\/p>\n<p>Ka nj\u00eb kompromis, jan\u00eb forumet e PD-s\u00eb q\u00eb do zgjidhen. Secili demokrat ka t\u00eb drejt\u00eb t\u00eb konkuroj\u00eb p\u00ebr \u00e7do post. Ishte mungesa e vot\u00ebs s\u00eb lir\u00eb q\u00eb solli kriz\u00ebn. N\u00ebse Basha do merrte vendimin me vot\u00ebn e lir\u00eb t\u00eb deputet\u00ebve dhe K\u00ebshillit Komb\u00ebtar, PD sot nuk do ishte e p\u00ebr\u00e7ar\u00eb\u201d, tha Berisha.<\/p>\n","protected":false},"excerpt":{"rendered":"<p>Ish-kryeministri Sali Berisha \u00ebsht\u00eb shprehur mbr\u00ebmjen e sotme se Lulzim Basha e ka tejkaluar vij\u00ebn e kuqe n\u00eb q\u00ebndrimin ndaj Partis\u00eb Demokratike, ndaj p\u00ebr k\u00ebt\u00eb arsye nuk do ta ftoj\u00eb at\u00eb p\u00ebr t\u00eb gjetur nj\u00eb zgjidhje t\u00eb p\u00ebrbashk\u00ebt, por shtoi se Basha mund t\u00eb kandidoj\u00eb p\u00ebrs\u00ebri p\u00ebr t\u2019u zgjedhur kryetar i PD-s\u00eb. I pyetur n\u00ebse [&hellip;]<\/p>\n","protected":false},"author":2031,"featured_media":242770,"comment_status":"closed","ping_status":"closed","sticky":false,"template":"","format":"standard","meta":{"footnotes":""},"categories":[231],"tags":[],"class_list":{"0":"post-242769","1":"post","2":"type-post","3":"status-publish","4":"format-standard","5":"has-post-thumbnail","7":"category-lajme"},"_links":{"self":[{"href":"https:\/\/zjarr.tv\/sq\/wp-json\/wp\/v2\/posts\/242769","targetHints":{"allow":["GET"]}}],"collection":[{"href":"https:\/\/zjarr.tv\/sq\/wp-json\/wp\/v2\/posts"}],"about":[{"href":"https:\/\/zjarr.tv\/sq\/wp-json\/wp\/v2\/types\/post"}],"author":[{"embeddable":true,"href":"https:\/\/zjarr.tv\/sq\/wp-json\/wp\/v2\/users\/2031"}],"replies":[{"embeddable":true,"href":"https:\/\/zjarr.tv\/sq\/wp-json\/wp\/v2\/comments?post=242769"}],"version-history":[{"count":0,"href":"https:\/\/zjarr.tv\/sq\/wp-json\/wp\/v2\/posts\/242769\/revisions"}],"wp:featuredmedia":[{"embeddable":true,"href":"https:\/\/zjarr.tv\/sq\/wp-json\/wp\/v2\/media\/242770"}],"wp:attachment":[{"href":"https:\/\/zjarr.tv\/sq\/wp-json\/wp\/v2\/media?parent=242769"}],"wp:term":[{"taxonomy":"category","embeddable":true,"href":"https:\/\/zjarr.tv\/sq\/wp-json\/wp\/v2\/categories?post=242769"},{"taxonomy":"post_tag","embeddable":true,"href":"https:\/\/zjarr.tv\/sq\/wp-json\/wp\/v2\/tags?post=242769"}],"curies":[{"name":"wp","href":"https:\/\/api.w.org\/{rel}","templated":true}]}}