{"id":242779,"date":"2022-03-11T07:24:13","date_gmt":"2022-03-11T06:24:13","guid":{"rendered":"https:\/\/zjarr.tv\/?p=242779"},"modified":"2022-03-11T07:24:13","modified_gmt":"2022-03-11T06:24:13","slug":"te-hedhe-karrigen-ne-lane-alfred-lela-basha-eshte-i-braktisur-edhe-nga-besniket-e-tij-mbetet-vetem-doreheqja","status":"publish","type":"post","link":"https:\/\/zjarr.tv\/sq\/te-hedhe-karrigen-ne-lane-alfred-lela-basha-eshte-i-braktisur-edhe-nga-besniket-e-tij-mbetet-vetem-doreheqja\/","title":{"rendered":"\u201cT\u00eb hedh\u00eb karrigen n\u00eb Lan\u00eb\u201d\/ Alfred Lela: Basha \u00ebsht\u00eb i braktisur edhe nga besnik\u00ebt e tij, mbetet vet\u00ebm dor\u00ebheqja!"},"content":{"rendered":"<p>Gazetari Alfred Lela, ka qen\u00eb i ftuar n\u00eb emisionin \u201cT\u00eb Paekspozuarit\u201d n\u00eb MCN TV, ku u diskutua gjendja ku ndodhet Partia Demokratike dhe fakti q\u00eb Lulzim Basha ende nuk po vendos t\u00eb dor\u00ebhiqet, edhe pasi ia ka k\u00ebrkuar shumica e grupit parlamentar.<\/p>\n<p>Lela tha se Bash\u00ebn e kan\u00eb braktisur edhe m\u00eb besnik\u00ebt e tij dhe se prej tij, pritet vet\u00ebm dor\u00ebheqja.<\/p>\n<p>\u201cEdhe p\u00ebr ca koh\u00eb do t\u00eb recitoj\u00eb fjali me gjuh\u00eb t\u00eb drunjt\u00eb, q\u00eb jam gati t\u00eb b\u00ebj cdo gj\u00eb p\u00ebr PD, beteja fillon tani, PD do t\u00eb ringrihet\u2026<\/p>\n<p>\u00cbsht\u00eb i braktisur edhe nga m\u00eb besnik\u00ebt. I gjith\u00eb festivali i fjalive dhe personazheve q\u00eb pam\u00eb, deri para tre dit\u00ebsh ishin mb\u00ebshtet\u00ebsit m\u00eb t\u00eb zjarrt\u00eb, p\u00ebrbetoheshin, por nj\u00eb dit\u00eb m\u00eb par\u00eb e braktis\u00ebn. Kan\u00eb mbetur 3-4 vet\u00eb q\u00eb edhe ata jan\u00eb t\u00eb heshtur.<\/p>\n<p>At\u00eb reflektim q\u00eb thot\u00eb se do ta b\u00ebj\u00eb, shpresojm\u00eb ta b\u00ebj\u00eb me vepra. Dor\u00ebheqja! Nuk \u00ebsht\u00eb se pritet ndonj\u00eb akt i madh prej tij. Dor\u00ebheqja \u00ebsht\u00eb akt i thjesht, q\u00eb pritet t\u00eb b\u00ebhet.<\/p>\n<p>Imagjinoj nj\u00eb 8 janar t\u00eb dyt\u00eb. Imagjino grupin parlamentar q\u00eb i shkon dhe i troket n\u00eb der\u00eb dhe ai \u00ebsht\u00eb vet\u00ebm m\u00eb dy vet\u00eb. Skena do t\u00eb ishte krejt ndryshe. Grupi parlamentar, q\u00eb thot\u00eb se partia \u00ebsht\u00eb e dikujt tjet\u00ebr, a do t\u00eb ik\u00ebsh nga zyra me paqe?<\/p>\n<p>Pra karrigen q\u00eb fluturoi n\u00eb Durr\u00ebs, duhet t\u00eb hedh\u00eb karrigen e vet\u00eb nga dritarja, n\u00ebse arrin ta hedh\u00eb n\u00eb Lan\u00eb do t\u00eb ishte m\u00eb mir\u00eb\u201c, tha Lela.<\/p>\n","protected":false},"excerpt":{"rendered":"<p>Gazetari Alfred Lela, ka qen\u00eb i ftuar n\u00eb emisionin \u201cT\u00eb Paekspozuarit\u201d n\u00eb MCN TV, ku u diskutua gjendja ku ndodhet Partia Demokratike dhe fakti q\u00eb Lulzim Basha ende nuk po vendos t\u00eb dor\u00ebhiqet, edhe pasi ia ka k\u00ebrkuar shumica e grupit parlamentar. Lela tha se Bash\u00ebn e kan\u00eb braktisur edhe m\u00eb besnik\u00ebt e tij dhe [&hellip;]<\/p>\n","protected":false},"author":2031,"featured_media":242780,"comment_status":"closed","ping_status":"closed","sticky":false,"template":"","format":"standard","meta":{"footnotes":""},"categories":[231],"tags":[],"class_list":{"0":"post-242779","1":"post","2":"type-post","3":"status-publish","4":"format-standard","5":"has-post-thumbnail","7":"category-lajme"},"_links":{"self":[{"href":"https:\/\/zjarr.tv\/sq\/wp-json\/wp\/v2\/posts\/242779","targetHints":{"allow":["GET"]}}],"collection":[{"href":"https:\/\/zjarr.tv\/sq\/wp-json\/wp\/v2\/posts"}],"about":[{"href":"https:\/\/zjarr.tv\/sq\/wp-json\/wp\/v2\/types\/post"}],"author":[{"embeddable":true,"href":"https:\/\/zjarr.tv\/sq\/wp-json\/wp\/v2\/users\/2031"}],"replies":[{"embeddable":true,"href":"https:\/\/zjarr.tv\/sq\/wp-json\/wp\/v2\/comments?post=242779"}],"version-history":[{"count":0,"href":"https:\/\/zjarr.tv\/sq\/wp-json\/wp\/v2\/posts\/242779\/revisions"}],"wp:featuredmedia":[{"embeddable":true,"href":"https:\/\/zjarr.tv\/sq\/wp-json\/wp\/v2\/media\/242780"}],"wp:attachment":[{"href":"https:\/\/zjarr.tv\/sq\/wp-json\/wp\/v2\/media?parent=242779"}],"wp:term":[{"taxonomy":"category","embeddable":true,"href":"https:\/\/zjarr.tv\/sq\/wp-json\/wp\/v2\/categories?post=242779"},{"taxonomy":"post_tag","embeddable":true,"href":"https:\/\/zjarr.tv\/sq\/wp-json\/wp\/v2\/tags?post=242779"}],"curies":[{"name":"wp","href":"https:\/\/api.w.org\/{rel}","templated":true}]}}