{"id":242975,"date":"2022-03-11T20:38:17","date_gmt":"2022-03-11T19:38:17","guid":{"rendered":"https:\/\/zjarr.tv\/?p=242975"},"modified":"2022-03-11T20:38:17","modified_gmt":"2022-03-11T19:38:17","slug":"petrit-vasili-cuci-dhe-nano-pergjegjesi-shume-e-rende-penale-po-perdorin-ne-menyre-mafioze-policine","status":"publish","type":"post","link":"https:\/\/zjarr.tv\/sq\/petrit-vasili-cuci-dhe-nano-pergjegjesi-shume-e-rende-penale-po-perdorin-ne-menyre-mafioze-policine\/","title":{"rendered":"Petrit Vasili: \u00c7u\u00e7i dhe Nano pergjegjesi shume e rende penale, po perdorin ne menyre mafioze policine!!"},"content":{"rendered":"<p>Horra civile naziskine me revole ne brez arrestojne ne emer te policise. <\/p>\n<p>I bej thirrje publike Ministrit Bendi \u00c7u\u00e7i dhe Drejtorit te Pergjithshem Gledis Nano te ndalojne urgjentisht arrestimet mafioze te protestuesve nga maskarenj civile pa asnje shenje identifikimi. <\/p>\n<p>Edi Rama plasi syte dhe shikoje revolverin ne brez te horrave te policise, qe arrestojne qytetaret e thjeshte qe protestojne per buken e gojes. <\/p>\n<p>Rama, \u00c7u\u00e7i dhe Nano te vene nen kontroll histerine e dhunes te horrave me uniforme blu se po destabilizojne situaten ne menyre shume te rrezikshme. <\/p>\n<p>SPAK ja ku i ke faktet vepro kundra palacove te pushtetit \u00e7fare pret m\u00eb! <\/p>\n<p>Rama, \u00c7u\u00e7i dhe Nano po behen nj\u00e8sh me dhunen ilegale dhe paligjshmerine dhe do te pergjigjen deri ne ne nje penalisht dhe personalisht perpara ligjit.<\/p>\n","protected":false},"excerpt":{"rendered":"<p>Horra civile naziskine me revole ne brez arrestojne ne emer te policise. I bej thirrje publike Ministrit Bendi \u00c7u\u00e7i dhe Drejtorit te Pergjithshem Gledis Nano te ndalojne urgjentisht arrestimet mafioze te protestuesve nga maskarenj civile pa asnje shenje identifikimi. Edi Rama plasi syte dhe shikoje revolverin ne brez te horrave te policise, qe arrestojne qytetaret [&hellip;]<\/p>\n","protected":false},"author":2031,"featured_media":157470,"comment_status":"closed","ping_status":"closed","sticky":false,"template":"","format":"standard","meta":{"footnotes":""},"categories":[231],"tags":[],"class_list":{"0":"post-242975","1":"post","2":"type-post","3":"status-publish","4":"format-standard","5":"has-post-thumbnail","7":"category-lajme"},"_links":{"self":[{"href":"https:\/\/zjarr.tv\/sq\/wp-json\/wp\/v2\/posts\/242975","targetHints":{"allow":["GET"]}}],"collection":[{"href":"https:\/\/zjarr.tv\/sq\/wp-json\/wp\/v2\/posts"}],"about":[{"href":"https:\/\/zjarr.tv\/sq\/wp-json\/wp\/v2\/types\/post"}],"author":[{"embeddable":true,"href":"https:\/\/zjarr.tv\/sq\/wp-json\/wp\/v2\/users\/2031"}],"replies":[{"embeddable":true,"href":"https:\/\/zjarr.tv\/sq\/wp-json\/wp\/v2\/comments?post=242975"}],"version-history":[{"count":0,"href":"https:\/\/zjarr.tv\/sq\/wp-json\/wp\/v2\/posts\/242975\/revisions"}],"wp:featuredmedia":[{"embeddable":true,"href":"https:\/\/zjarr.tv\/sq\/wp-json\/wp\/v2\/media\/157470"}],"wp:attachment":[{"href":"https:\/\/zjarr.tv\/sq\/wp-json\/wp\/v2\/media?parent=242975"}],"wp:term":[{"taxonomy":"category","embeddable":true,"href":"https:\/\/zjarr.tv\/sq\/wp-json\/wp\/v2\/categories?post=242975"},{"taxonomy":"post_tag","embeddable":true,"href":"https:\/\/zjarr.tv\/sq\/wp-json\/wp\/v2\/tags?post=242975"}],"curies":[{"name":"wp","href":"https:\/\/api.w.org\/{rel}","templated":true}]}}