{"id":242979,"date":"2022-03-11T22:45:06","date_gmt":"2022-03-11T21:45:06","guid":{"rendered":"https:\/\/zjarr.tv\/?p=242979"},"modified":"2022-03-11T22:45:06","modified_gmt":"2022-03-11T21:45:06","slug":"kryemadhi-kap-detajin-te-deklaratat-e-rames-dhe-bashes-ja-shkruan-statuset-e-njejta-dore","status":"publish","type":"post","link":"https:\/\/zjarr.tv\/sq\/kryemadhi-kap-detajin-te-deklaratat-e-rames-dhe-bashes-ja-shkruan-statuset-e-njejta-dore\/","title":{"rendered":"Kryemadhi kap detajin te deklaratat e Ram\u00ebs dhe Bash\u00ebs: Ja shkruan statuset e njejta dor\u00eb"},"content":{"rendered":"<p>Nga Monika Kryemadhi <\/p>\n<p>Ai momenti kur qeveris\u00eb dhe kunat-opozit\u00ebs ja shkruan statuset e njejta dor\u00eb. E dukshme r\u00ebnia e kreativitetit prej k\u00ebshilltar\u00ebve t\u00eb huaj, q\u00eb si\u00e7 k\u00ebshillojn\u00eb Vucic, k\u00ebshillojn\u00eb edhe \u00e7iftin Rama-Basha si t\u00eb manipulojn\u00eb deri n\u00eb mpirje opinionin publik shqiptar. <\/p>\n<p>Protestat q\u00eb po zhvillohen jan\u00eb duksh\u00ebm qytetare, jo partiake dhe p\u00ebrgjegj\u00ebsin\u00eb p\u00ebr mbushjen e shesheve kryeministri mund ta gjej\u00eb duke par\u00eb veten n\u00eb pasqyr\u00eb.<\/p>\n","protected":false},"excerpt":{"rendered":"<p>Nga Monika Kryemadhi Ai momenti kur qeveris\u00eb dhe kunat-opozit\u00ebs ja shkruan statuset e njejta dor\u00eb. E dukshme r\u00ebnia e kreativitetit prej k\u00ebshilltar\u00ebve t\u00eb huaj, q\u00eb si\u00e7 k\u00ebshillojn\u00eb Vucic, k\u00ebshillojn\u00eb edhe \u00e7iftin Rama-Basha si t\u00eb manipulojn\u00eb deri n\u00eb mpirje opinionin publik shqiptar. Protestat q\u00eb po zhvillohen jan\u00eb duksh\u00ebm qytetare, jo partiake dhe p\u00ebrgjegj\u00ebsin\u00eb p\u00ebr mbushjen e [&hellip;]<\/p>\n","protected":false},"author":2031,"featured_media":242980,"comment_status":"closed","ping_status":"closed","sticky":false,"template":"","format":"standard","meta":{"footnotes":""},"categories":[231],"tags":[],"class_list":{"0":"post-242979","1":"post","2":"type-post","3":"status-publish","4":"format-standard","5":"has-post-thumbnail","7":"category-lajme"},"_links":{"self":[{"href":"https:\/\/zjarr.tv\/sq\/wp-json\/wp\/v2\/posts\/242979","targetHints":{"allow":["GET"]}}],"collection":[{"href":"https:\/\/zjarr.tv\/sq\/wp-json\/wp\/v2\/posts"}],"about":[{"href":"https:\/\/zjarr.tv\/sq\/wp-json\/wp\/v2\/types\/post"}],"author":[{"embeddable":true,"href":"https:\/\/zjarr.tv\/sq\/wp-json\/wp\/v2\/users\/2031"}],"replies":[{"embeddable":true,"href":"https:\/\/zjarr.tv\/sq\/wp-json\/wp\/v2\/comments?post=242979"}],"version-history":[{"count":0,"href":"https:\/\/zjarr.tv\/sq\/wp-json\/wp\/v2\/posts\/242979\/revisions"}],"wp:featuredmedia":[{"embeddable":true,"href":"https:\/\/zjarr.tv\/sq\/wp-json\/wp\/v2\/media\/242980"}],"wp:attachment":[{"href":"https:\/\/zjarr.tv\/sq\/wp-json\/wp\/v2\/media?parent=242979"}],"wp:term":[{"taxonomy":"category","embeddable":true,"href":"https:\/\/zjarr.tv\/sq\/wp-json\/wp\/v2\/categories?post=242979"},{"taxonomy":"post_tag","embeddable":true,"href":"https:\/\/zjarr.tv\/sq\/wp-json\/wp\/v2\/tags?post=242979"}],"curies":[{"name":"wp","href":"https:\/\/api.w.org\/{rel}","templated":true}]}}