{"id":243281,"date":"2022-03-12T21:23:54","date_gmt":"2022-03-12T20:23:54","guid":{"rendered":"https:\/\/zjarr.tv\/?p=243281"},"modified":"2022-03-12T21:23:54","modified_gmt":"2022-03-12T20:23:54","slug":"protesta-e-qytetareve-evi-kokalari-kam-deshire-te-vij-ne-shqiperi-dhe-te-crrenjos","status":"publish","type":"post","link":"https:\/\/zjarr.tv\/sq\/protesta-e-qytetareve-evi-kokalari-kam-deshire-te-vij-ne-shqiperi-dhe-te-crrenjos\/","title":{"rendered":"Protesta e qytetar\u00ebve, Evi Kokalari: Kam d\u00ebshir\u00eb t\u00eb vij n\u00eb Shqip\u00ebri dhe t\u00eb \u00e7rrenjos &#8230;"},"content":{"rendered":"<p>Dita e sotme ishte e mbushur me ngjarje t\u00eb shumta, pasi mij\u00ebra protestues\u00eb u mblodh\u00ebn nga e gjith\u00eb Shqip\u00ebria p\u00ebr t\u00eb k\u00ebrkuar uljen e \u00e7mimeve, por edhe n\u00eb PD pati nj\u00eb kryengritje t\u00eb deputet\u00ebve demokrat\u00eb kund\u00ebr kryetarit Lulzim Basha, duke e detyruar k\u00ebt\u00eb t\u00eb fundit t\u00eb dakord\u00ebsohet p\u00ebr t\u00eb b\u00ebr\u00eb nj\u00eb hap pas.<\/p>\n<p>Aktivistja shqiptare n\u00eb SHBA, Evi Kokalari, n\u00eb nj\u00eb postim n\u00eb rrjetet sociale \u00ebhst\u00eb shprehur se jan\u00eb dit\u00eb si k\u00ebto q\u00eb e b\u00ebjn\u00eb t\u00eb mendoj\u00eb t\u00eb kthehet n\u00eb Shqip\u00ebri dhe t\u00eb merret me politik\u00eb. Ajo thot\u00eb se ka d\u00ebshir\u00eb t\u00eb pastroj\u00eb rr\u00ebnj\u00ebsisht korrupsionin jo vet\u00ebm qeveritar, por edhe n\u00eb sektorin privat.<\/p>\n<p>\u201cJan\u00eb dit\u00eb si k\u00ebto q\u00eb ndonj\u00ebher\u00eb m\u00eb b\u00ebjn\u00eb t\u00eb mendoj t\u00eb kthehem n\u00eb Shqip\u00ebri dhe t\u00eb merrem 100% me politik\u00eb. Kam nj\u00eb d\u00ebshir\u00eb t\u00eb pastroj rr\u00ebnj\u00ebsisht korrupsionin jo vet\u00ebm qeveritar por dhe t\u00eb sektorit privat, q\u00eb e kan\u00eb \u00e7uar k\u00ebt\u00eb popull n\u00eb mjerim total\u201d, shkruan Kokalari.<\/p>\n","protected":false},"excerpt":{"rendered":"<p>Dita e sotme ishte e mbushur me ngjarje t\u00eb shumta, pasi mij\u00ebra protestues\u00eb u mblodh\u00ebn nga e gjith\u00eb Shqip\u00ebria p\u00ebr t\u00eb k\u00ebrkuar uljen e \u00e7mimeve, por edhe n\u00eb PD pati nj\u00eb kryengritje t\u00eb deputet\u00ebve demokrat\u00eb kund\u00ebr kryetarit Lulzim Basha, duke e detyruar k\u00ebt\u00eb t\u00eb fundit t\u00eb dakord\u00ebsohet p\u00ebr t\u00eb b\u00ebr\u00eb nj\u00eb hap pas. Aktivistja shqiptare [&hellip;]<\/p>\n","protected":false},"author":2031,"featured_media":187246,"comment_status":"closed","ping_status":"closed","sticky":false,"template":"","format":"standard","meta":{"footnotes":""},"categories":[231],"tags":[],"class_list":{"0":"post-243281","1":"post","2":"type-post","3":"status-publish","4":"format-standard","5":"has-post-thumbnail","7":"category-lajme"},"_links":{"self":[{"href":"https:\/\/zjarr.tv\/sq\/wp-json\/wp\/v2\/posts\/243281","targetHints":{"allow":["GET"]}}],"collection":[{"href":"https:\/\/zjarr.tv\/sq\/wp-json\/wp\/v2\/posts"}],"about":[{"href":"https:\/\/zjarr.tv\/sq\/wp-json\/wp\/v2\/types\/post"}],"author":[{"embeddable":true,"href":"https:\/\/zjarr.tv\/sq\/wp-json\/wp\/v2\/users\/2031"}],"replies":[{"embeddable":true,"href":"https:\/\/zjarr.tv\/sq\/wp-json\/wp\/v2\/comments?post=243281"}],"version-history":[{"count":0,"href":"https:\/\/zjarr.tv\/sq\/wp-json\/wp\/v2\/posts\/243281\/revisions"}],"wp:featuredmedia":[{"embeddable":true,"href":"https:\/\/zjarr.tv\/sq\/wp-json\/wp\/v2\/media\/187246"}],"wp:attachment":[{"href":"https:\/\/zjarr.tv\/sq\/wp-json\/wp\/v2\/media?parent=243281"}],"wp:term":[{"taxonomy":"category","embeddable":true,"href":"https:\/\/zjarr.tv\/sq\/wp-json\/wp\/v2\/categories?post=243281"},{"taxonomy":"post_tag","embeddable":true,"href":"https:\/\/zjarr.tv\/sq\/wp-json\/wp\/v2\/tags?post=243281"}],"curies":[{"name":"wp","href":"https:\/\/api.w.org\/{rel}","templated":true}]}}