{"id":243287,"date":"2022-03-12T21:28:10","date_gmt":"2022-03-12T20:28:10","guid":{"rendered":"https:\/\/zjarr.tv\/?p=243287"},"modified":"2022-03-12T21:28:10","modified_gmt":"2022-03-12T20:28:10","slug":"kurti-takon-borrellin-ne-turqi-me-shume-vemendje-drejt-ballkanit-perendimor","status":"publish","type":"post","link":"https:\/\/zjarr.tv\/sq\/kurti-takon-borrellin-ne-turqi-me-shume-vemendje-drejt-ballkanit-perendimor\/","title":{"rendered":"Kurti takon Borrellin n\u00eb Turqi: M\u00eb shum\u00eb v\u00ebmendje drejt Ballkanit Per\u00ebndimor"},"content":{"rendered":"<p>Kryeministri i Kosov\u00ebs, Albin Kurti n\u00eb Forumin e Diplomacis\u00eb n\u00eb Antalia t\u00eb Turqis\u00eb \u00ebsht\u00eb takuar edhe me P\u00ebrfaq\u00ebsuesin e Lart\u00eb t\u00eb Bashkimit Evropian, Josep Borrell.<\/p>\n<p>Kurti me an\u00eb t\u00eb nj\u00eb postimi n\u00eb rrjetet sociale shkruan se i ka k\u00ebrkuar Borrell q\u00eb t\u00eb ken\u00eb v\u00ebmendjen nga Ballkani Per\u00ebndimor dhe mos t\u00eb injorojn\u00eb luft\u00ebn proksi dhe hibride t\u00eb Rusis\u00eb n\u00eb rajon.<\/p>\n<p>\u201cK\u00ebrkova nga P\u00ebrfaq\u00ebsuesi i Lart\u00eb i BE-s\u00eb p\u00ebr Pun\u00eb t\u00eb Jashtme dhe Politika t\u00eb Siguris\u00eb, m\u00eb shum\u00eb v\u00ebmendje drejt Ballkanit Per\u00ebndimor si dhe t\u00eb mos injoroj\u00eb luft\u00ebn proksi dhe hibride t\u00eb Rusis\u00eb n\u00eb rajonin ton\u00eb\u201d, ka shkruar Kurti.<\/p>\n","protected":false},"excerpt":{"rendered":"<p>Kryeministri i Kosov\u00ebs, Albin Kurti n\u00eb Forumin e Diplomacis\u00eb n\u00eb Antalia t\u00eb Turqis\u00eb \u00ebsht\u00eb takuar edhe me P\u00ebrfaq\u00ebsuesin e Lart\u00eb t\u00eb Bashkimit Evropian, Josep Borrell. Kurti me an\u00eb t\u00eb nj\u00eb postimi n\u00eb rrjetet sociale shkruan se i ka k\u00ebrkuar Borrell q\u00eb t\u00eb ken\u00eb v\u00ebmendjen nga Ballkani Per\u00ebndimor dhe mos t\u00eb injorojn\u00eb luft\u00ebn proksi dhe hibride [&hellip;]<\/p>\n","protected":false},"author":2031,"featured_media":172316,"comment_status":"closed","ping_status":"closed","sticky":false,"template":"","format":"standard","meta":{"footnotes":""},"categories":[231],"tags":[],"class_list":{"0":"post-243287","1":"post","2":"type-post","3":"status-publish","4":"format-standard","5":"has-post-thumbnail","7":"category-lajme"},"_links":{"self":[{"href":"https:\/\/zjarr.tv\/sq\/wp-json\/wp\/v2\/posts\/243287","targetHints":{"allow":["GET"]}}],"collection":[{"href":"https:\/\/zjarr.tv\/sq\/wp-json\/wp\/v2\/posts"}],"about":[{"href":"https:\/\/zjarr.tv\/sq\/wp-json\/wp\/v2\/types\/post"}],"author":[{"embeddable":true,"href":"https:\/\/zjarr.tv\/sq\/wp-json\/wp\/v2\/users\/2031"}],"replies":[{"embeddable":true,"href":"https:\/\/zjarr.tv\/sq\/wp-json\/wp\/v2\/comments?post=243287"}],"version-history":[{"count":0,"href":"https:\/\/zjarr.tv\/sq\/wp-json\/wp\/v2\/posts\/243287\/revisions"}],"wp:featuredmedia":[{"embeddable":true,"href":"https:\/\/zjarr.tv\/sq\/wp-json\/wp\/v2\/media\/172316"}],"wp:attachment":[{"href":"https:\/\/zjarr.tv\/sq\/wp-json\/wp\/v2\/media?parent=243287"}],"wp:term":[{"taxonomy":"category","embeddable":true,"href":"https:\/\/zjarr.tv\/sq\/wp-json\/wp\/v2\/categories?post=243287"},{"taxonomy":"post_tag","embeddable":true,"href":"https:\/\/zjarr.tv\/sq\/wp-json\/wp\/v2\/tags?post=243287"}],"curies":[{"name":"wp","href":"https:\/\/api.w.org\/{rel}","templated":true}]}}