{"id":243293,"date":"2022-03-12T21:42:38","date_gmt":"2022-03-12T20:42:38","guid":{"rendered":"https:\/\/zjarr.tv\/?p=243293"},"modified":"2022-03-12T21:44:18","modified_gmt":"2022-03-12T20:44:18","slug":"nese-keni-mision-e-detyre-luften-kunder-berishes-do-te-deshtoni","status":"publish","type":"post","link":"https:\/\/zjarr.tv\/sq\/nese-keni-mision-e-detyre-luften-kunder-berishes-do-te-deshtoni\/","title":{"rendered":"N\u00ebse keni mision e detyr\u00eb luft\u00ebn kunder Berishes, do te deshtoni!"},"content":{"rendered":"<p>Nga Enver Bytyci<\/p>\n<p>\u201cTe ike Basha e me pas te heqe dore Berisha\u201d, shprehen humbesit e 6 Marsit! Moren shkopijnte e hunjte dhe rrahen demolkratet me 8 janar! Thyen xhamat e katiti te dyte dhe ua hodhen mbi koke fituesve demokrate. U hodhen gazlotsjelles dhe dhunuan kesisoj edhe liderin historik!<\/p>\n<p>Manipuluan me Kuvendin e PD-se se 11 dhjetorit! Manipuluan opinionin duke u thene se ata mbeshteten nga 97 apo 99 perqind e demokrateve! Pas cdo deshtimi \u201ci nisen\u201d perseri betejat nga e para! Mbajten me dhunen e dyerve te blinduara e ndihmen e pushtetit vulen e logon e partise! Akuzuan historine e partise se tyre me gjuhen, skenaret dhe tekstet e formuluara nga Edi Rama dhe Endri Fuga! Folen per \u201cnongratat\u201d, sic flet vazhdimisht Edi Rama! E shpallen veten \u201ckampione te miqesise me Ameriken\u201d, pasi e shkelen ligjin amerikan!<\/p>\n<p>Dhe ne fund deshtuan! Me 6 mars demokratet dhe simpatizantet e Partise Demokratike zgjodhen Berishen e ndeshkuan Bashen! Megjithate Basha e disa deputete te distancuar prej zorit nga ai kerkojne qe fituesi dhe institucioni me i fuqishem i politikes shqiptare, Sali Berisha, te largohet bashke me Bashen!<\/p>\n<p>Absurdi nuk paska kufi! Basha qe blindoi dhe ishte i gatshem te qellonte plumba mbi demokratet, behet pjese e nje projekti per ta larguar fituesin e 6 marsit! Pasi u tha demokrateve \u201cllum\u201d, kerkon te diktoje!<\/p>\n<p>Duket qarte se misioni i tij nuk ka mbaruar! Soros, Rama, Juri Kim i kane dhene atij detyren e shkaterrimit te plote te Partise Demokratike! Mos e lejoni ta kryeje kete mision! Behuni te gjithe bashke pa perjashtim dhe nxirreni nga ajo seli, sepse Shqiperia ka nevoje per Partine Demokratike!<\/p>\n<p>Mos iu kundervini Sali Berishes per llogari te treteve! Nese keni bindjet tuaja kunder tij, flisni me te! Ne kete rast beheni pjese e procesit. Nese keni mision e detyre te ngarkuar luften kunder tij, do te deshtoni!<\/p>\n","protected":false},"excerpt":{"rendered":"<p>Nga Enver Bytyci \u201cTe ike Basha e me pas te heqe dore Berisha\u201d, shprehen humbesit e 6 Marsit! Moren shkopijnte e hunjte dhe rrahen demolkratet me 8 janar! Thyen xhamat e katiti te dyte dhe ua hodhen mbi koke fituesve demokrate. U hodhen gazlotsjelles dhe dhunuan kesisoj edhe liderin historik! Manipuluan me Kuvendin e PD-se [&hellip;]<\/p>\n","protected":false},"author":2031,"featured_media":210345,"comment_status":"closed","ping_status":"closed","sticky":false,"template":"","format":"standard","meta":{"footnotes":""},"categories":[231],"tags":[],"class_list":{"0":"post-243293","1":"post","2":"type-post","3":"status-publish","4":"format-standard","5":"has-post-thumbnail","7":"category-lajme"},"_links":{"self":[{"href":"https:\/\/zjarr.tv\/sq\/wp-json\/wp\/v2\/posts\/243293","targetHints":{"allow":["GET"]}}],"collection":[{"href":"https:\/\/zjarr.tv\/sq\/wp-json\/wp\/v2\/posts"}],"about":[{"href":"https:\/\/zjarr.tv\/sq\/wp-json\/wp\/v2\/types\/post"}],"author":[{"embeddable":true,"href":"https:\/\/zjarr.tv\/sq\/wp-json\/wp\/v2\/users\/2031"}],"replies":[{"embeddable":true,"href":"https:\/\/zjarr.tv\/sq\/wp-json\/wp\/v2\/comments?post=243293"}],"version-history":[{"count":0,"href":"https:\/\/zjarr.tv\/sq\/wp-json\/wp\/v2\/posts\/243293\/revisions"}],"wp:featuredmedia":[{"embeddable":true,"href":"https:\/\/zjarr.tv\/sq\/wp-json\/wp\/v2\/media\/210345"}],"wp:attachment":[{"href":"https:\/\/zjarr.tv\/sq\/wp-json\/wp\/v2\/media?parent=243293"}],"wp:term":[{"taxonomy":"category","embeddable":true,"href":"https:\/\/zjarr.tv\/sq\/wp-json\/wp\/v2\/categories?post=243293"},{"taxonomy":"post_tag","embeddable":true,"href":"https:\/\/zjarr.tv\/sq\/wp-json\/wp\/v2\/tags?post=243293"}],"curies":[{"name":"wp","href":"https:\/\/api.w.org\/{rel}","templated":true}]}}