{"id":243298,"date":"2022-03-13T06:49:37","date_gmt":"2022-03-13T05:49:37","guid":{"rendered":"https:\/\/zjarr.tv\/?p=243298"},"modified":"2022-03-13T06:49:37","modified_gmt":"2022-03-13T05:49:37","slug":"hap-pas-do-te-thote-doreheqje-arbi-agalliu-i-del-kunder-bashes-zgjidhja-eshte-bashkimi-pertej-interesave-te-lidershipit-te-pd-se-dhe-shtepise-se-lirise","status":"publish","type":"post","link":"https:\/\/zjarr.tv\/sq\/hap-pas-do-te-thote-doreheqje-arbi-agalliu-i-del-kunder-bashes-zgjidhja-eshte-bashkimi-pertej-interesave-te-lidershipit-te-pd-se-dhe-shtepise-se-lirise\/","title":{"rendered":"\u201cHap pas do t\u00eb thot\u00eb dor\u00ebheqje\u201d, Arbi Agalliu i del kund\u00ebr Bash\u00ebs: Zgjidhja \u00ebsht\u00eb bashkimi p\u00ebrtej interesave t\u00eb lidershipit t\u00eb PD-s\u00eb dhe Sht\u00ebpis\u00eb s\u00eb Liris\u00eb"},"content":{"rendered":"<p>Deputeti demokrat Arbi Agalliu i ka dal\u00eb kund\u00ebr kryedemokratit Lulzim Basha, duke u shprehur se hap pas do t\u00eb thot\u00eb dor\u00ebheqjes.<\/p>\n<p>Deklarata e tij vjen pasi Basha u shpreh pas mbeldhjes s\u00eb Grupit Parlamentar se \u00ebsht\u00eb i gatsh\u00ebm t\u00eb b\u00ebj\u00eb nj\u00eb hap pas p\u00ebr zgjidhjen e kriz\u00ebs n\u00eb PD. Sipas tij, zgjidhja e vetme \u00ebsht\u00eb bashkimi p\u00ebrtej interesave t\u00eb lidershipit t\u00eb PD-s\u00eb apo Sht\u00ebpis\u00eb s\u00eb Liris\u00eb.<\/p>\n<p>Postimi i plot\u00eb:<\/p>\n<p>Hap pas do t\u00eb thot\u00eb dor\u00ebheqje!<\/p>\n<p>Partia Demokratike dhe e gjith\u00eb opozita, n\u00eb k\u00ebto muaj i \u00ebsht\u00eb larguar elektoratit dhe qytetarit duke u marr\u00eb me problemet e brendshme. Zgjedhjet n\u00eb 6 Mars 2022 treguan tkurrjen e opozit\u00ebs nga rreth 50% n\u00eb rreth 25%. Kjo situat\u00eb \u00ebsht\u00eb e pa pranueshme jo vet\u00ebm p\u00ebr demokrat\u00ebt por p\u00ebr t\u00eb gjith\u00eb shqiptar\u00ebt! Shqip\u00ebria ka nevoj\u00eb imediate p\u00ebr opozit\u00eb. Q\u00eb prej 9 Shtator 2021, energjit\u00eb e harxhuara nga e gjith\u00eb opozita duke u marr\u00eb me vetveten ishin t\u00eb jasht\u00ebzakonshme, madje m\u00eb tep\u00ebr se n\u00eb fushat\u00eb.<\/p>\n<p>U than\u00eb aq shum\u00eb, sa t\u00eb v\u00ebrteta dhe t\u00eb pa v\u00ebrteta, u hodh aq balt\u00eb dhe vrer\u00eb mes demokrat\u00ebve aq sa populli na braktisi.<\/p>\n<p>Humbi PD, humbi ShL, humbi opozita.<\/p>\n<p>Ka vetem nj\u00eb zgjidhje q\u00eb \u00ebsht\u00eb bashkimi. Bashkimi p\u00ebrtej interesave personale t\u00eb lidershipit t\u00eb PD dhe ShL.<\/p>\n<p>Sot duhet nj\u00eb hap pas nga gjith\u00ebsecili p\u00ebr ti shtruar rrug\u00ebn bashk\u00ebpunimit p\u00ebr bashkim.<\/p>\n","protected":false},"excerpt":{"rendered":"<p>Deputeti demokrat Arbi Agalliu i ka dal\u00eb kund\u00ebr kryedemokratit Lulzim Basha, duke u shprehur se hap pas do t\u00eb thot\u00eb dor\u00ebheqjes. Deklarata e tij vjen pasi Basha u shpreh pas mbeldhjes s\u00eb Grupit Parlamentar se \u00ebsht\u00eb i gatsh\u00ebm t\u00eb b\u00ebj\u00eb nj\u00eb hap pas p\u00ebr zgjidhjen e kriz\u00ebs n\u00eb PD. Sipas tij, zgjidhja e vetme \u00ebsht\u00eb [&hellip;]<\/p>\n","protected":false},"author":2031,"featured_media":243299,"comment_status":"closed","ping_status":"closed","sticky":false,"template":"","format":"standard","meta":{"footnotes":""},"categories":[231],"tags":[],"class_list":{"0":"post-243298","1":"post","2":"type-post","3":"status-publish","4":"format-standard","5":"has-post-thumbnail","7":"category-lajme"},"_links":{"self":[{"href":"https:\/\/zjarr.tv\/sq\/wp-json\/wp\/v2\/posts\/243298","targetHints":{"allow":["GET"]}}],"collection":[{"href":"https:\/\/zjarr.tv\/sq\/wp-json\/wp\/v2\/posts"}],"about":[{"href":"https:\/\/zjarr.tv\/sq\/wp-json\/wp\/v2\/types\/post"}],"author":[{"embeddable":true,"href":"https:\/\/zjarr.tv\/sq\/wp-json\/wp\/v2\/users\/2031"}],"replies":[{"embeddable":true,"href":"https:\/\/zjarr.tv\/sq\/wp-json\/wp\/v2\/comments?post=243298"}],"version-history":[{"count":0,"href":"https:\/\/zjarr.tv\/sq\/wp-json\/wp\/v2\/posts\/243298\/revisions"}],"wp:featuredmedia":[{"embeddable":true,"href":"https:\/\/zjarr.tv\/sq\/wp-json\/wp\/v2\/media\/243299"}],"wp:attachment":[{"href":"https:\/\/zjarr.tv\/sq\/wp-json\/wp\/v2\/media?parent=243298"}],"wp:term":[{"taxonomy":"category","embeddable":true,"href":"https:\/\/zjarr.tv\/sq\/wp-json\/wp\/v2\/categories?post=243298"},{"taxonomy":"post_tag","embeddable":true,"href":"https:\/\/zjarr.tv\/sq\/wp-json\/wp\/v2\/tags?post=243298"}],"curies":[{"name":"wp","href":"https:\/\/api.w.org\/{rel}","templated":true}]}}