{"id":243302,"date":"2022-03-13T06:52:34","date_gmt":"2022-03-13T05:52:34","guid":{"rendered":"https:\/\/zjarr.tv\/?p=243302"},"modified":"2022-03-13T06:52:34","modified_gmt":"2022-03-13T05:52:34","slug":"daily-mail-i-ben-jehone-protestes-ne-tirane-per-rritjen-e-cmimeve-shqiptaret-fajesojne-qeverine","status":"publish","type":"post","link":"https:\/\/zjarr.tv\/sq\/daily-mail-i-ben-jehone-protestes-ne-tirane-per-rritjen-e-cmimeve-shqiptaret-fajesojne-qeverine\/","title":{"rendered":"\u201cDaily Mail\u201d i b\u00ebn jehon\u00eb protest\u00ebs n\u00eb Tiran\u00eb p\u00ebr rritjen e \u00e7mimeve: Shqiptar\u00ebt faj\u00ebsojn\u00eb qeverin\u00eb!"},"content":{"rendered":"<p>Prestigjozja britanike Daily Mail i ka b\u00ebr\u00eb jehon\u00eb protest\u00ebs s\u00eb qytetar\u00ebve shqiptar\u00eb n\u00eb Tiran\u00eb, e cila u zhvillua dit\u00ebn e sotme para Kryeministris\u00eb kund\u00ebr rritjes s\u00eb \u00e7mimit t\u00eb naft\u00ebs dhe produkteve t\u00eb tjera.<\/p>\n<p>Media britanike shkruan se qytetar\u00ebt shqiptar\u00eb faj\u00ebsojn\u00eb qeverin\u00eb p\u00ebr rritjen e \u00e7mimeve, teksa thot\u00eb se rritja e \u00e7mimeve ka patur efekt negative n\u00eb kostot e ushqimit n\u00eb vednin e vog\u00ebl ballkanik.<\/p>\n<p>Artikull i Daily Mail<\/p>\n<p>Mij\u00ebra shqiptar\u00eb dol\u00ebn n\u00eb rrug\u00ebt e kryeqytetit Tiran\u00eb t\u00eb shtun\u00ebn p\u00ebr t\u00eb protestuar kund\u00ebr rritjeve t\u00eb \u00e7mimeve t\u00eb karburanteve dhe ushqimeve, p\u00ebr t\u00eb cilat autoritetet faj\u00ebsojn\u00eb luft\u00ebn n\u00eb Ukrain\u00eb.<\/p>\n<p>Shqiptar\u00ebt nga i gjith\u00eb vendi u mblodh\u00ebn n\u00eb sheshin kryesor Sk\u00ebnderbej p\u00ebrpara se t\u00eb marshonin p\u00ebrpara zyr\u00ebs s\u00eb kryeministrit Edi Rama me pankarta dhe duke brohoritur slogane antiqeveritare. N\u00eb protest\u00ebn e kat\u00ebrt t\u00eb k\u00ebsaj jave, demonstruesit k\u00ebrkuan s\u00ebrish q\u00eb qeveria t\u00eb veproj\u00eb p\u00ebr t\u00eb kund\u00ebrshtuar rritjen e \u00e7mimeve.<\/p>\n<p>Policia ishte n\u00eb fuqi p\u00ebr t\u00eb mbrojtur nd\u00ebrtesat qeveritare, por protesta p\u00ebrfundoi paq\u00ebsisht. Nj\u00eb grup i vog\u00ebl demonstruesish marshuan drejt stacionit t\u00eb policis\u00eb p\u00ebr t\u00eb k\u00ebrkuar lirimin e dhjet\u00ebra njer\u00ebzve q\u00eb u arrestuan n\u00eb protestat e m\u00ebparshme.<\/p>\n<p>T\u00eb enjten, qeveria e Ram\u00ebs vendosi kontrolle t\u00eb \u00e7mimeve t\u00eb karburantit dhe u k\u00ebrkoi shqiptar\u00ebve t\u00eb p\u00ebrdorin m\u00eb pak makinat e tyre pas nj\u00eb rritjeje prej 50% t\u00eb \u00e7mimeve t\u00eb benzin\u00ebs. Sipas k\u00ebsaj mase, furnizuesit e karburanteve do t\u00eb shohin q\u00eb marzhet e tyre t\u00eb fitimit t\u00eb shkurtohen nd\u00ebrsa \u00e7mimet e shitjes me pakic\u00eb do t\u00eb vendosen \u00e7do dit\u00eb dhe pikat e karburantit q\u00eb tarifojn\u00eb m\u00eb shum\u00eb do t\u00eb mbyllen.<\/p>\n<p>Nj\u00eb organ i p\u00ebrb\u00ebr\u00eb nga zyrtar\u00eb qeveritar\u00eb dhe drejtues biznesi mori vendimin fillestar p\u00ebr t\u00eb ulur \u00e7mimet e karburanteve p\u00ebr tre dit\u00ebt e ardhshme. Por protestuesit than\u00eb se do t\u00eb vazhdojn\u00eb t\u00eb organizojn\u00eb demonstrata t\u00eb p\u00ebrditshme sepse ata thon\u00eb se masa e qeveris\u00eb p\u00ebr t\u00eb ulur \u00e7mimet e karburantit nuk \u00ebsht\u00eb e mjaftueshme sa duhet.<\/p>\n<p>Pak \u00e7aste pas p\u00ebrfundimit t\u00eb protest\u00ebs s\u00eb s\u00eb shtun\u00ebs, Rama ofroi para\u2019 p\u00ebr pensionist\u00ebt dhe grupet vulnerab\u00ebl. Ai u zotua gjithashtu t\u00eb ul\u00eb tatimin mbi t\u00eb ardhurat p\u00ebr m\u00eb shum\u00eb gjysm\u00ebn e t\u00eb gjith\u00eb punonj\u00ebsve t\u00eb sektorit privat dhe qeveritar.<\/p>\n<p>Qeveria do t\u00eb vazhdoj\u00eb t\u00eb paguaj\u00eb deri n\u00eb 80% t\u00eb faturave t\u00eb energjis\u00eb elektrike p\u00ebr familjet dhe bizneset e vogla, tha Rama.<\/p>\n<p>Rritja e \u00e7mimit t\u00eb karburantit ka pasur nj\u00eb efekt negativ n\u00eb kostot e ushqimit n\u00eb vendin e vog\u00ebl ballkanik. Protestuesit akuzojn\u00eb qeverin\u00eb se p\u00ebrfiton nga \u00e7mimet e larta duke mos ulur taksat. Ata i kan\u00eb k\u00ebrkuar asaj t\u00eb imitoj\u00eb vendet fqinje \u2013 t\u00eb cilat jan\u00eb goditur gjithashtu nga rritjet e \u00e7mimeve globale p\u00ebr shkak t\u00eb luft\u00ebs s\u00eb Rusis\u00eb kund\u00ebr Ukrain\u00ebs \u2013 dhe t\u00eb ul\u00eb taksat e karburantit p\u00ebr t\u00eb zbutur goditjen ndaj konsumator\u00ebve.<\/p>\n","protected":false},"excerpt":{"rendered":"<p>Prestigjozja britanike Daily Mail i ka b\u00ebr\u00eb jehon\u00eb protest\u00ebs s\u00eb qytetar\u00ebve shqiptar\u00eb n\u00eb Tiran\u00eb, e cila u zhvillua dit\u00ebn e sotme para Kryeministris\u00eb kund\u00ebr rritjes s\u00eb \u00e7mimit t\u00eb naft\u00ebs dhe produkteve t\u00eb tjera. Media britanike shkruan se qytetar\u00ebt shqiptar\u00eb faj\u00ebsojn\u00eb qeverin\u00eb p\u00ebr rritjen e \u00e7mimeve, teksa thot\u00eb se rritja e \u00e7mimeve ka patur efekt negative [&hellip;]<\/p>\n","protected":false},"author":2031,"featured_media":243303,"comment_status":"closed","ping_status":"closed","sticky":false,"template":"","format":"standard","meta":{"footnotes":""},"categories":[231],"tags":[],"class_list":{"0":"post-243302","1":"post","2":"type-post","3":"status-publish","4":"format-standard","5":"has-post-thumbnail","7":"category-lajme"},"_links":{"self":[{"href":"https:\/\/zjarr.tv\/sq\/wp-json\/wp\/v2\/posts\/243302","targetHints":{"allow":["GET"]}}],"collection":[{"href":"https:\/\/zjarr.tv\/sq\/wp-json\/wp\/v2\/posts"}],"about":[{"href":"https:\/\/zjarr.tv\/sq\/wp-json\/wp\/v2\/types\/post"}],"author":[{"embeddable":true,"href":"https:\/\/zjarr.tv\/sq\/wp-json\/wp\/v2\/users\/2031"}],"replies":[{"embeddable":true,"href":"https:\/\/zjarr.tv\/sq\/wp-json\/wp\/v2\/comments?post=243302"}],"version-history":[{"count":0,"href":"https:\/\/zjarr.tv\/sq\/wp-json\/wp\/v2\/posts\/243302\/revisions"}],"wp:featuredmedia":[{"embeddable":true,"href":"https:\/\/zjarr.tv\/sq\/wp-json\/wp\/v2\/media\/243303"}],"wp:attachment":[{"href":"https:\/\/zjarr.tv\/sq\/wp-json\/wp\/v2\/media?parent=243302"}],"wp:term":[{"taxonomy":"category","embeddable":true,"href":"https:\/\/zjarr.tv\/sq\/wp-json\/wp\/v2\/categories?post=243302"},{"taxonomy":"post_tag","embeddable":true,"href":"https:\/\/zjarr.tv\/sq\/wp-json\/wp\/v2\/tags?post=243302"}],"curies":[{"name":"wp","href":"https:\/\/api.w.org\/{rel}","templated":true}]}}