{"id":243521,"date":"2022-03-13T19:18:01","date_gmt":"2022-03-13T18:18:01","guid":{"rendered":"https:\/\/zjarr.tv\/?p=243521"},"modified":"2022-03-13T19:18:01","modified_gmt":"2022-03-13T18:18:01","slug":"zelensky-mberrin-ne-spital-viziton-ushtaret-e-plagosur-ne-lufte","status":"publish","type":"post","link":"https:\/\/zjarr.tv\/sq\/zelensky-mberrin-ne-spital-viziton-ushtaret-e-plagosur-ne-lufte\/","title":{"rendered":"Zelensky mb\u00ebrrin n\u00eb spital, viziton ushtar\u00ebt e plagosur n\u00eb luft\u00eb"},"content":{"rendered":"<p>UKRAIN\u00cb- Ministria e Mbrojtjes e Ukrain\u00ebs ka postuar n\u00eb Twitter disa foto t\u00eb Presidentit Volodymyr Zelenskyy duke vizituar \u201cmbrojt\u00ebsit e plagosur t\u00eb Ukrain\u00ebs\u201d.<\/p>\n<p>P\u00ebr ti mb\u00ebshtetur ushtar\u00ebt ukrainas, dhe p\u00ebr t\u2019iu uruar atyre nj\u00eb sh\u00ebrim t\u00eb shpejt Zelenskyy i ka vizituar n\u00eb spital. N\u00eb k\u00ebto foto shfaqet presidenti teksa po i shikon nga af\u00ebr n\u00eb dhomat e tyre t\u00eb spitalit. T\u00eb plagosurit jan\u00eb t\u00eb fashuar nga plag\u00ebt e mara n\u00eb luft\u00eb, disa prej tyre n\u00eb salla t\u00eb posa\u00e7me me oksigjen pas operacioneve t\u00eb kryera.<\/p>\n<p><img loading=\"lazy\" decoding=\"async\" class=\"alignnone size-medium wp-image-243522\" src=\"https:\/\/zjarr.tv\/wp-content\/uploads\/2022\/03\/Untitled-design-2022-03-13T191536.449-300x251.jpg\" alt=\"\" width=\"300\" height=\"251\" srcset=\"https:\/\/zjarr.tv\/wp-content\/uploads\/2022\/03\/Untitled-design-2022-03-13T191536.449-300x251.jpg 300w, https:\/\/zjarr.tv\/wp-content\/uploads\/2022\/03\/Untitled-design-2022-03-13T191536.449-768x644.jpg 768w, https:\/\/zjarr.tv\/wp-content\/uploads\/2022\/03\/Untitled-design-2022-03-13T191536.449-696x583.jpg 696w, https:\/\/zjarr.tv\/wp-content\/uploads\/2022\/03\/Untitled-design-2022-03-13T191536.449-501x420.jpg 501w, https:\/\/zjarr.tv\/wp-content\/uploads\/2022\/03\/Untitled-design-2022-03-13T191536.449.jpg 940w\" sizes=\"auto, (max-width: 300px) 100vw, 300px\" \/><\/p>\n","protected":false},"excerpt":{"rendered":"<p>UKRAIN\u00cb- Ministria e Mbrojtjes e Ukrain\u00ebs ka postuar n\u00eb Twitter disa foto t\u00eb Presidentit Volodymyr Zelenskyy duke vizituar \u201cmbrojt\u00ebsit e plagosur t\u00eb Ukrain\u00ebs\u201d. P\u00ebr ti mb\u00ebshtetur ushtar\u00ebt ukrainas, dhe p\u00ebr t\u2019iu uruar atyre nj\u00eb sh\u00ebrim t\u00eb shpejt Zelenskyy i ka vizituar n\u00eb spital. N\u00eb k\u00ebto foto shfaqet presidenti teksa po i shikon nga af\u00ebr n\u00eb [&hellip;]<\/p>\n","protected":false},"author":2030,"featured_media":243523,"comment_status":"closed","ping_status":"closed","sticky":false,"template":"","format":"standard","meta":{"footnotes":""},"categories":[241,191],"tags":[],"class_list":{"0":"post-243521","1":"post","2":"type-post","3":"status-publish","4":"format-standard","5":"has-post-thumbnail","7":"category-aktualitet","8":"category-bota"},"_links":{"self":[{"href":"https:\/\/zjarr.tv\/sq\/wp-json\/wp\/v2\/posts\/243521","targetHints":{"allow":["GET"]}}],"collection":[{"href":"https:\/\/zjarr.tv\/sq\/wp-json\/wp\/v2\/posts"}],"about":[{"href":"https:\/\/zjarr.tv\/sq\/wp-json\/wp\/v2\/types\/post"}],"author":[{"embeddable":true,"href":"https:\/\/zjarr.tv\/sq\/wp-json\/wp\/v2\/users\/2030"}],"replies":[{"embeddable":true,"href":"https:\/\/zjarr.tv\/sq\/wp-json\/wp\/v2\/comments?post=243521"}],"version-history":[{"count":0,"href":"https:\/\/zjarr.tv\/sq\/wp-json\/wp\/v2\/posts\/243521\/revisions"}],"wp:featuredmedia":[{"embeddable":true,"href":"https:\/\/zjarr.tv\/sq\/wp-json\/wp\/v2\/media\/243523"}],"wp:attachment":[{"href":"https:\/\/zjarr.tv\/sq\/wp-json\/wp\/v2\/media?parent=243521"}],"wp:term":[{"taxonomy":"category","embeddable":true,"href":"https:\/\/zjarr.tv\/sq\/wp-json\/wp\/v2\/categories?post=243521"},{"taxonomy":"post_tag","embeddable":true,"href":"https:\/\/zjarr.tv\/sq\/wp-json\/wp\/v2\/tags?post=243521"}],"curies":[{"name":"wp","href":"https:\/\/api.w.org\/{rel}","templated":true}]}}