{"id":243530,"date":"2022-03-13T19:35:02","date_gmt":"2022-03-13T18:35:02","guid":{"rendered":"https:\/\/zjarr.tv\/?p=243530"},"modified":"2022-03-13T19:35:02","modified_gmt":"2022-03-13T18:35:02","slug":"berisha-eshte-si-shiu-nuk-e-ndalni-dot-nga-agim-xhafka","status":"publish","type":"post","link":"https:\/\/zjarr.tv\/sq\/berisha-eshte-si-shiu-nuk-e-ndalni-dot-nga-agim-xhafka\/","title":{"rendered":"Berisha \u00ebsht\u00eb si shiu, nuk e ndalni dot- Nga Agim Xhafka"},"content":{"rendered":"<p>K\u00ebto dit\u00eb, kur n\u00eb tablon\u00eb politike ka z\u00ebn\u00eb vend paradoksi \u201cT\u00eb ik\u00eb Luli, por t\u00eb ik\u00eb dhe Berisha\u201d, vetiu m\u00eb erdhi nd\u00ebr mend pyetja q\u00eb na b\u00ebhej kur ishim t\u00eb vegj\u00ebl:<\/p>\n<p>-\u00c7\u2019b\u00ebn ti kur bie shi?<\/p>\n<p>Dhe p\u00ebrgjigja e sakt\u00eb qe:<\/p>\n<p>-S\u2019kam \u00e7\u2019t\u00eb b\u00ebj, e le t\u00eb bjer\u00eb.<\/p>\n<p>Se nuk mundesh ta ndal\u00ebsh, as mundesh ta pak\u00ebsosh.<\/p>\n<p>K\u00ebshtu po ndodh dhe me Berish\u00ebn. Ai \u00ebsht\u00eb si shiu, nuk e ndalni dot. E n\u00eb k\u00ebt\u00eb dit\u00eb \u201ckorrjesh\u201d p\u00ebr t\u00eb ndihmuan disa faktor\u00eb.<\/p>\n<p>M\u00eb kryesori qe \u201cNon grata\u201d q\u00eb administrata sorosiane ia vuri si d\u00ebnim. Ose si largim t\u00eb tij nga politika p\u00ebr ta l\u00ebn\u00eb t\u00eb djerr\u00eb fush\u00ebn politike, pa konkurrenc\u00eb, gati monopol t\u00eb hajnave.<\/p>\n<p>Por ja q\u00eb shqiptar\u00ebt nuk menduan k\u00ebshtu. Ata \u201cNon grat\u00ebn\u201d e kthyen n\u00eb \u201cDekorat\u00eb\u201d p\u00ebr Berish\u00ebn. Ndaj n\u00eb 6 mars te kutit\u00eb e votimit hodh\u00ebn dhe verdiktin e tyre p\u00ebr d\u00ebnimin amerikan.<\/p>\n<p>Tjet\u00ebr faktor \u00ebsht\u00eb qeverisja e tmerrshme e Ram\u00ebs. E mbushur me grabitje, vjedhje, dhun\u00eb e korrupsion. Shqiptar\u00ebt peshuan vitet e qeverisjes s\u00eb Saliut dhe t\u00eb Ed Mavriut. E si gjithnj\u00eb shkuan nga peshon kandari.<\/p>\n<p>S\u00eb fundi vul\u00ebn ia vuri vet\u00eb Bash\u00eb Vula. Me fakte e prova q\u00eb opozitarizmin ai e shiste dhe e shet p\u00ebr favore personale, q\u00eb shpres\u00ebn e shqiptar\u00ebve e shuante dhe e shuan me manovra t\u00eb f\u00eblliqura.<\/p>\n<p>Dit\u00ebt po vrapojn\u00eb drejt 30 prillit. Berisha si gjithnj\u00eb do mposhtet ve\u00e7 nga kandidati q\u00eb do marr\u00eb vota m\u00eb shum\u00eb se ai. Deri at\u00ebhere \u201cshiun\u201d Berisha nuk e ndal dot kush. E lem\u00eb t\u00eb bjer\u00eb, p\u00ebrgjigjeshim ne p\u00ebr shiun kur na pyesnin at\u00ebhere.<\/p>\n","protected":false},"excerpt":{"rendered":"<p>K\u00ebto dit\u00eb, kur n\u00eb tablon\u00eb politike ka z\u00ebn\u00eb vend paradoksi \u201cT\u00eb ik\u00eb Luli, por t\u00eb ik\u00eb dhe Berisha\u201d, vetiu m\u00eb erdhi nd\u00ebr mend pyetja q\u00eb na b\u00ebhej kur ishim t\u00eb vegj\u00ebl: -\u00c7\u2019b\u00ebn ti kur bie shi? Dhe p\u00ebrgjigja e sakt\u00eb qe: -S\u2019kam \u00e7\u2019t\u00eb b\u00ebj, e le t\u00eb bjer\u00eb. Se nuk mundesh ta ndal\u00ebsh, as mundesh [&hellip;]<\/p>\n","protected":false},"author":2030,"featured_media":243531,"comment_status":"closed","ping_status":"closed","sticky":false,"template":"","format":"standard","meta":{"footnotes":""},"categories":[241,3366,5380,231,1454],"tags":[],"class_list":{"0":"post-243530","1":"post","2":"type-post","3":"status-publish","4":"format-standard","5":"has-post-thumbnail","7":"category-aktualitet","8":"category-koment","9":"category-kryesore","10":"category-lajme","11":"category-politike"},"_links":{"self":[{"href":"https:\/\/zjarr.tv\/sq\/wp-json\/wp\/v2\/posts\/243530","targetHints":{"allow":["GET"]}}],"collection":[{"href":"https:\/\/zjarr.tv\/sq\/wp-json\/wp\/v2\/posts"}],"about":[{"href":"https:\/\/zjarr.tv\/sq\/wp-json\/wp\/v2\/types\/post"}],"author":[{"embeddable":true,"href":"https:\/\/zjarr.tv\/sq\/wp-json\/wp\/v2\/users\/2030"}],"replies":[{"embeddable":true,"href":"https:\/\/zjarr.tv\/sq\/wp-json\/wp\/v2\/comments?post=243530"}],"version-history":[{"count":0,"href":"https:\/\/zjarr.tv\/sq\/wp-json\/wp\/v2\/posts\/243530\/revisions"}],"wp:featuredmedia":[{"embeddable":true,"href":"https:\/\/zjarr.tv\/sq\/wp-json\/wp\/v2\/media\/243531"}],"wp:attachment":[{"href":"https:\/\/zjarr.tv\/sq\/wp-json\/wp\/v2\/media?parent=243530"}],"wp:term":[{"taxonomy":"category","embeddable":true,"href":"https:\/\/zjarr.tv\/sq\/wp-json\/wp\/v2\/categories?post=243530"},{"taxonomy":"post_tag","embeddable":true,"href":"https:\/\/zjarr.tv\/sq\/wp-json\/wp\/v2\/tags?post=243530"}],"curies":[{"name":"wp","href":"https:\/\/api.w.org\/{rel}","templated":true}]}}