{"id":243789,"date":"2022-03-14T16:53:16","date_gmt":"2022-03-14T15:53:16","guid":{"rendered":"https:\/\/zjarr.tv\/?p=243789"},"modified":"2022-03-14T16:53:16","modified_gmt":"2022-03-14T15:53:16","slug":"rama-jep-lajmin-e-mire-3-3-miliard-leke-eshte-fondi-per-indeksimin-e-pensioneve","status":"publish","type":"post","link":"https:\/\/zjarr.tv\/sq\/rama-jep-lajmin-e-mire-3-3-miliard-leke-eshte-fondi-per-indeksimin-e-pensioneve\/","title":{"rendered":"Rama jep lajmin e mir\u00eb: 3.3 miliard lek\u00eb \u00ebsht\u00eb fondi p\u00ebr indeksimin e pensioneve"},"content":{"rendered":"<p>Kryeministri Edi Rama ka reaguar s\u00ebrish sot p\u00ebr paket\u00ebn e rezistenc\u00ebs sociale. P\u00ebrmes nj\u00eb postimi n\u00eb Facebook, Rama b\u00ebn me dije se\u00a0 fondi p\u00ebr indeksimin e menj\u00ebher\u00ebsh\u00ebm t\u00eb pensioneve \u00ebsht\u00eb 3.3 miliard\u00eb lek\u00eb.<\/p>\n<p>\u201cPaketa e rezistenc\u00ebs sociale 3.3 miliard\u00eb lek\u00eb p\u00ebr indeksimin e menj\u00ebher\u00ebsh\u00ebm t\u00eb pensioneve\u201d, shkruan Rama.<\/p>\n<p>Kutjojm\u00eb se dy dit\u00eb m\u00eb par\u00eb Rama prezantoi paket\u00ebn e e rezist\u00ebnc\u00ebs sociale me 7 pika, p\u00ebr t\u2019u arrdhur n\u00eb ndihm\u00eb qytetar\u00ebve p\u00ebr t\u00eb p\u00ebrballuar kriz\u00ebn dhe rritjen e \u00e7mimev\u00eb s\u00eb fundmi n\u00eb vendin ton\u00eb.<\/p>\n<p>K\u00ebto masa kan\u00eb t\u00eb b\u00ebjn\u00eb me indeksimin e pensioneve me 3.6 miliard\u00eb lek, mb\u00ebshtetjen p\u00ebr produktet e shport\u00ebs p\u00ebr 434 mij\u00eb p\u00ebrfitues, t\u00eb cil\u00ebt do t\u00eb marrin n\u00eb dor\u00eb nga 30 mij\u00eb lek\u00eb t\u00eb vjetra p\u00ebr tre muaj, dhe mb\u00ebshtetje p\u00ebr biletat e transportit urban dhe inter-urban.<\/p>\n","protected":false},"excerpt":{"rendered":"<p>Kryeministri Edi Rama ka reaguar s\u00ebrish sot p\u00ebr paket\u00ebn e rezistenc\u00ebs sociale. P\u00ebrmes nj\u00eb postimi n\u00eb Facebook, Rama b\u00ebn me dije se\u00a0 fondi p\u00ebr indeksimin e menj\u00ebher\u00ebsh\u00ebm t\u00eb pensioneve \u00ebsht\u00eb 3.3 miliard\u00eb lek\u00eb. \u201cPaketa e rezistenc\u00ebs sociale 3.3 miliard\u00eb lek\u00eb p\u00ebr indeksimin e menj\u00ebher\u00ebsh\u00ebm t\u00eb pensioneve\u201d, shkruan Rama. Kutjojm\u00eb se dy dit\u00eb m\u00eb par\u00eb Rama [&hellip;]<\/p>\n","protected":false},"author":2030,"featured_media":206890,"comment_status":"closed","ping_status":"closed","sticky":false,"template":"","format":"standard","meta":{"footnotes":""},"categories":[241,3366,5380,231,1454],"tags":[],"class_list":{"0":"post-243789","1":"post","2":"type-post","3":"status-publish","4":"format-standard","5":"has-post-thumbnail","7":"category-aktualitet","8":"category-koment","9":"category-kryesore","10":"category-lajme","11":"category-politike"},"_links":{"self":[{"href":"https:\/\/zjarr.tv\/sq\/wp-json\/wp\/v2\/posts\/243789","targetHints":{"allow":["GET"]}}],"collection":[{"href":"https:\/\/zjarr.tv\/sq\/wp-json\/wp\/v2\/posts"}],"about":[{"href":"https:\/\/zjarr.tv\/sq\/wp-json\/wp\/v2\/types\/post"}],"author":[{"embeddable":true,"href":"https:\/\/zjarr.tv\/sq\/wp-json\/wp\/v2\/users\/2030"}],"replies":[{"embeddable":true,"href":"https:\/\/zjarr.tv\/sq\/wp-json\/wp\/v2\/comments?post=243789"}],"version-history":[{"count":0,"href":"https:\/\/zjarr.tv\/sq\/wp-json\/wp\/v2\/posts\/243789\/revisions"}],"wp:featuredmedia":[{"embeddable":true,"href":"https:\/\/zjarr.tv\/sq\/wp-json\/wp\/v2\/media\/206890"}],"wp:attachment":[{"href":"https:\/\/zjarr.tv\/sq\/wp-json\/wp\/v2\/media?parent=243789"}],"wp:term":[{"taxonomy":"category","embeddable":true,"href":"https:\/\/zjarr.tv\/sq\/wp-json\/wp\/v2\/categories?post=243789"},{"taxonomy":"post_tag","embeddable":true,"href":"https:\/\/zjarr.tv\/sq\/wp-json\/wp\/v2\/tags?post=243789"}],"curies":[{"name":"wp","href":"https:\/\/api.w.org\/{rel}","templated":true}]}}