{"id":243811,"date":"2022-03-14T17:12:21","date_gmt":"2022-03-14T16:12:21","guid":{"rendered":"https:\/\/zjarr.tv\/?p=243811"},"modified":"2022-03-14T17:12:21","modified_gmt":"2022-03-14T16:12:21","slug":"protestat-ne-shqiperi-lubonja-veprimet-e-qeverise-jane-sa-per-tu-mbyllur-gojen-qytetareve","status":"publish","type":"post","link":"https:\/\/zjarr.tv\/sq\/protestat-ne-shqiperi-lubonja-veprimet-e-qeverise-jane-sa-per-tu-mbyllur-gojen-qytetareve\/","title":{"rendered":"Protestat n\u00eb Shqip\u00ebri\/ Lubonja: Veprimet e qeveris\u00eb jan\u00eb sa p\u00ebr tu mbyllur goj\u00ebn qytetar\u00ebve"},"content":{"rendered":"<p>Rritja e \u00e7mimit t\u00eb naft\u00ebs dhe produkteve ushqimore ka sjell\u00eb p\u00ebr gati nj\u00eb jav\u00eb protesta n\u00eb t\u00eb gjith\u00eb vendin.<\/p>\n<p>Lidhur me k\u00ebt\u00eb reagim popullor, analisti Fatos Lubonja n\u00eb nj\u00eb intervist\u00eb televizive u shpreh se veprimet e qeveris\u00eb, jan\u00eb b\u00ebr\u00eb \u201csa p\u00ebr t\u00eb mbyllur goj\u00ebn\u201d.<\/p>\n<p>Ai shtoi m\u00eb tej se Rama po vepron edhe tani nj\u00ebsoj si\u00e7 b\u00ebri me student\u00ebt, kur u ngrit\u00ebn n\u00eb protest\u00eb kund\u00ebr rritjes s\u00eb tarifave t\u00eb studimeve.<\/p>\n<p>\u201cPse Rama i thot\u00eb njer\u00ebzve do t\u00eb dua t\u00eb paguajn\u00eb drit\u00ebn. N\u00ebse jemi n\u00eb hall t\u00eb madh, del kryeministri dhe thot\u00eb 1, 2, 3. N\u00eb Itali s\u2019kan\u00eb dal\u00eb njer\u00ebzit n\u00eb rrug\u00eb. Qeveria duhet t\u00eb jet\u00eb e gatshme p\u00ebr t\u00eb reaguar. \u00cbsht\u00eb nj\u00eb akumulim i madh. N\u00eb Itali doli q\u00eb edhe \u00e7mimi i naft\u00ebs \u00ebsht\u00eb rezultat spekulimesh m\u00eb shum\u00eb. Tek ne jan\u00eb k\u00ebto abuzime, nuk mund t\u00eb thuhet q\u00eb kjo padrejt\u00ebsi \u00ebsht\u00eb krijuar dhe do t\u00eb zgjidhet tani. Kjo \u00ebsht\u00eb p\u00ebr t\u2019u mbyllur goj\u00ebn njer\u00ebzve. Tirana po kafshohet \u00e7do dit\u00eb.<\/p>\n<p>Si\u00e7 kan\u00eb b\u00ebr\u00eb me t\u00eb gjith\u00eb Shqip\u00ebrin\u00eb, lumenjt\u00eb. Kjo \u00ebsht\u00eb filozofi, por q\u00eb ky s\u2019e ka ndaluar. K\u00ebta jan\u00eb njer\u00ebzit q\u00eb duan kryeminist\u00ebr t\u00eb pa p\u00ebrgjegjsh\u00ebm, p\u00ebr t\u2019u sjell\u00eb n\u00eb m\u00ebnyr\u00eb t\u00eb pa p\u00ebrgjegjshme. Ai po b\u00ebn k\u00ebt\u00eb moment ashtu si\u00e7 b\u00ebri me student\u00ebt, p\u00ebr t\u2019i mbyllur goj\u00ebn. Ne jemi p\u00ebr t\u00eb ngritur problemet p\u00ebrtej p\u00ebrditshm\u00ebris\u00eb. Ai b\u00ebri disa veprime, disa mund t\u00eb realizohen e disa jo. Njer\u00ebzit jan\u00eb n\u00eb protest\u00eb, por kjo ishte e madhe e preku t\u00eb gjith\u00eb\u201d, u shpreh Lubonja.<\/p>\n","protected":false},"excerpt":{"rendered":"<p>Rritja e \u00e7mimit t\u00eb naft\u00ebs dhe produkteve ushqimore ka sjell\u00eb p\u00ebr gati nj\u00eb jav\u00eb protesta n\u00eb t\u00eb gjith\u00eb vendin. Lidhur me k\u00ebt\u00eb reagim popullor, analisti Fatos Lubonja n\u00eb nj\u00eb intervist\u00eb televizive u shpreh se veprimet e qeveris\u00eb, jan\u00eb b\u00ebr\u00eb \u201csa p\u00ebr t\u00eb mbyllur goj\u00ebn\u201d. Ai shtoi m\u00eb tej se Rama po vepron edhe tani nj\u00ebsoj [&hellip;]<\/p>\n","protected":false},"author":2030,"featured_media":243812,"comment_status":"closed","ping_status":"closed","sticky":false,"template":"","format":"standard","meta":{"footnotes":""},"categories":[241,3366,5380,231],"tags":[],"class_list":{"0":"post-243811","1":"post","2":"type-post","3":"status-publish","4":"format-standard","5":"has-post-thumbnail","7":"category-aktualitet","8":"category-koment","9":"category-kryesore","10":"category-lajme"},"_links":{"self":[{"href":"https:\/\/zjarr.tv\/sq\/wp-json\/wp\/v2\/posts\/243811","targetHints":{"allow":["GET"]}}],"collection":[{"href":"https:\/\/zjarr.tv\/sq\/wp-json\/wp\/v2\/posts"}],"about":[{"href":"https:\/\/zjarr.tv\/sq\/wp-json\/wp\/v2\/types\/post"}],"author":[{"embeddable":true,"href":"https:\/\/zjarr.tv\/sq\/wp-json\/wp\/v2\/users\/2030"}],"replies":[{"embeddable":true,"href":"https:\/\/zjarr.tv\/sq\/wp-json\/wp\/v2\/comments?post=243811"}],"version-history":[{"count":0,"href":"https:\/\/zjarr.tv\/sq\/wp-json\/wp\/v2\/posts\/243811\/revisions"}],"wp:featuredmedia":[{"embeddable":true,"href":"https:\/\/zjarr.tv\/sq\/wp-json\/wp\/v2\/media\/243812"}],"wp:attachment":[{"href":"https:\/\/zjarr.tv\/sq\/wp-json\/wp\/v2\/media?parent=243811"}],"wp:term":[{"taxonomy":"category","embeddable":true,"href":"https:\/\/zjarr.tv\/sq\/wp-json\/wp\/v2\/categories?post=243811"},{"taxonomy":"post_tag","embeddable":true,"href":"https:\/\/zjarr.tv\/sq\/wp-json\/wp\/v2\/tags?post=243811"}],"curies":[{"name":"wp","href":"https:\/\/api.w.org\/{rel}","templated":true}]}}