{"id":243818,"date":"2022-03-14T17:19:16","date_gmt":"2022-03-14T16:19:16","guid":{"rendered":"https:\/\/zjarr.tv\/?p=243818"},"modified":"2022-03-14T17:19:16","modified_gmt":"2022-03-14T16:19:16","slug":"balluku-qeteson-qytetaret-nuk-do-te-kete-rritje-te-cmimit-te-biletes-se-autobusit","status":"publish","type":"post","link":"https:\/\/zjarr.tv\/sq\/balluku-qeteson-qytetaret-nuk-do-te-kete-rritje-te-cmimit-te-biletes-se-autobusit\/","title":{"rendered":"Balluku qet\u00ebson qytetar\u00ebt\/ \u201cNuk do t\u00eb ket\u00eb rritje t\u00eb \u00e7mimit t\u00eb bilet\u00ebs s\u00eb autobusit\u201d"},"content":{"rendered":"<p>Ministrja e Infrastruktur\u00ebs dhe Energjetik\u00ebs, Belinda Balluku, n\u00eb nj\u00eb takim me pensionist\u00ebt, ka deklaruar se nuk do t\u00eb ket\u00eb rritje t\u00eb \u00e7mimit t\u00eb bilet\u00ebs s\u00eb autobusit.<\/p>\n<p>Balluku \u00ebsht\u00eb shprehur se, diferenca e \u00e7mimit t\u00eb bilet\u00ebs do t\u00eb paguhet nga qeveria nd\u00ebrkoh\u00eb q\u00eb \u00e7mimi do t\u00eb mbetet i nj\u00ebjt\u00eb si\u00e7 ka qen\u00eb.<\/p>\n<p>\u201cUn\u00eb do t\u2019i referohem edhe nj\u00eb \u00e7\u00ebshtje q\u00eb p\u00ebr momentin, ju prek ju pensionist\u00ebve, q\u00eb\u00a0 p\u00ebrdorni transportin urban dhe nd\u00ebrurban. Duhet t\u00eb dini q\u00eb do t\u00eb kompensojm\u00eb t\u00eb gjith\u00eb nd\u00ebrmarrjet q\u00eb ofrojn\u00eb transportin urban me 100 lek\u00eb p\u00ebr lit\u00ebr nafte. Do t\u00eb mbajm\u00eb t\u00eb nj\u00ebjtin rit\u00ebm. T\u00eb gjith\u00eb kompanit\u00eb do t\u00eb kompensohen me 100 lek\u00ebt p\u00ebr lit\u00ebr nafte q\u00eb t\u00eb keni t\u00eb nj\u00ebjtin \u00e7mim bilete q\u00eb keni sot\u201d, shprehet Balluku.<\/p>\n","protected":false},"excerpt":{"rendered":"<p>Ministrja e Infrastruktur\u00ebs dhe Energjetik\u00ebs, Belinda Balluku, n\u00eb nj\u00eb takim me pensionist\u00ebt, ka deklaruar se nuk do t\u00eb ket\u00eb rritje t\u00eb \u00e7mimit t\u00eb bilet\u00ebs s\u00eb autobusit. Balluku \u00ebsht\u00eb shprehur se, diferenca e \u00e7mimit t\u00eb bilet\u00ebs do t\u00eb paguhet nga qeveria nd\u00ebrkoh\u00eb q\u00eb \u00e7mimi do t\u00eb mbetet i nj\u00ebjt\u00eb si\u00e7 ka qen\u00eb. \u201cUn\u00eb do t\u2019i referohem [&hellip;]<\/p>\n","protected":false},"author":2030,"featured_media":243819,"comment_status":"closed","ping_status":"closed","sticky":false,"template":"","format":"standard","meta":{"footnotes":""},"categories":[241,3366,5380,231,1454],"tags":[],"class_list":{"0":"post-243818","1":"post","2":"type-post","3":"status-publish","4":"format-standard","5":"has-post-thumbnail","7":"category-aktualitet","8":"category-koment","9":"category-kryesore","10":"category-lajme","11":"category-politike"},"_links":{"self":[{"href":"https:\/\/zjarr.tv\/sq\/wp-json\/wp\/v2\/posts\/243818","targetHints":{"allow":["GET"]}}],"collection":[{"href":"https:\/\/zjarr.tv\/sq\/wp-json\/wp\/v2\/posts"}],"about":[{"href":"https:\/\/zjarr.tv\/sq\/wp-json\/wp\/v2\/types\/post"}],"author":[{"embeddable":true,"href":"https:\/\/zjarr.tv\/sq\/wp-json\/wp\/v2\/users\/2030"}],"replies":[{"embeddable":true,"href":"https:\/\/zjarr.tv\/sq\/wp-json\/wp\/v2\/comments?post=243818"}],"version-history":[{"count":0,"href":"https:\/\/zjarr.tv\/sq\/wp-json\/wp\/v2\/posts\/243818\/revisions"}],"wp:featuredmedia":[{"embeddable":true,"href":"https:\/\/zjarr.tv\/sq\/wp-json\/wp\/v2\/media\/243819"}],"wp:attachment":[{"href":"https:\/\/zjarr.tv\/sq\/wp-json\/wp\/v2\/media?parent=243818"}],"wp:term":[{"taxonomy":"category","embeddable":true,"href":"https:\/\/zjarr.tv\/sq\/wp-json\/wp\/v2\/categories?post=243818"},{"taxonomy":"post_tag","embeddable":true,"href":"https:\/\/zjarr.tv\/sq\/wp-json\/wp\/v2\/tags?post=243818"}],"curies":[{"name":"wp","href":"https:\/\/api.w.org\/{rel}","templated":true}]}}